{"id":3058,"date":"2025-07-11T15:43:08","date_gmt":"2025-07-11T18:43:08","guid":{"rendered":"https:\/\/mundodocarnaval.com.br\/?p=3058"},"modified":"2025-07-11T15:43:09","modified_gmt":"2025-07-11T18:43:09","slug":"independentes-de-olaria-levara-a-musicalidade-de-jackson-do-pandeiro-como-enredo","status":"publish","type":"post","link":"https:\/\/mundodocarnaval.com.br\/pt_br\/independentes-de-olaria-levara-a-musicalidade-de-jackson-do-pandeiro-como-enredo\/","title":{"rendered":"Independentes de Olaria levar\u00e1 a musicalidade de Jackson do Pandeiro como enredo"},"content":{"rendered":"<p>Independentes de Olaria levar\u00e1 a musicalidade de Jackson do Pandeiro como enredo no carnaval de 2026 <\/p>\n<p>Rumo ao campeonato da S\u00e9rie Prata em 2026, a Independentes de Olaria levar\u00e1 para a Intendente Magalh\u00e3es o enredo &#8220;O balan\u00e7o do cabra que embolou o som e no compasso da mistura fez um Brasil pandeiro&#8221;, desenvolvido pelos carnavalescos Ariel Portes e Ester Domingos.  A escola mergulha na trajet\u00f3ria vibrante de Jackson do Pandeiro, mestre da s\u00edncope, g\u00eanio da mistura e rei do ritmo brasileiro. O enredo ser\u00e1 conduzido pela musicalidade que marca a trajet\u00f3ria do homenageado, exaltando suas ra\u00edzes, sua genialidade r\u00edtmica e seu legado.<\/p>\n<p>Jackson foi mais que m\u00fasico, foi revolu\u00e7\u00e3o. Em sua cad\u00eancia, nasceu um Brasil pandeiro \u2013 mesti\u00e7o, ousado, popular e inventivo. Um pa\u00eds que dan\u00e7a sua pr\u00f3pria confus\u00e3o r\u00edtmica com orgulho e liberdade. A escola homenageia esse cabra que n\u00e3o se limitou ao compasso, mas reinventou o tempo e ensinou o pa\u00eds a dan\u00e7ar no ritmo da mistura.<\/p>\n<p>A escolha de Jackson se d\u00e1 n\u00e3o apenas pela grandeza de sua obra, mas tamb\u00e9m por uma liga\u00e7\u00e3o afetiva e hist\u00f3rica com o bairro de Olaria, onde viveu por um per\u00edodo e onde sua presen\u00e7a ainda ecoa na mem\u00f3ria de muitos moradores antigos.  Olaria \u00e9 um bairro tradicionalmente oper\u00e1rio, de forte identidade nordestina e musical, caracter\u00edsticas que dialogam diretamente com a figura do homenageado \u2014 um artista que soube como poucos traduzir a alma do povo brasileiro em ritmo, melodia e poesia.<\/p>\n","protected":false},"excerpt":{"rendered":"<p>Independentes de Olaria levar\u00e1 a musicalidade de Jackson do Pandeiro como enredo no carnaval de 2026 Rumo ao campeonato da S\u00e9rie Prata em 2026, a Independentes de Olaria levar\u00e1 para a Intendente Magalh\u00e3es o enredo &#8220;O balan\u00e7o do cabra que embolou o som e no compasso da mistura fez um Brasil pandeiro&#8221;, desenvolvido pelos carnavalescos [&hellip;]<\/p>\n","protected":false},"author":1,"featured_media":3059,"comment_status":"closed","ping_status":"closed","sticky":false,"template":"","format":"standard","meta":{"footnotes":""},"categories":[14],"tags":[],"class_list":["post-3058","post","type-post","status-publish","format-standard","has-post-thumbnail","hentry","category-gadgets"],"_links":{"self":[{"href":"https:\/\/mundodocarnaval.com.br\/pt_br\/wp-json\/wp\/v2\/posts\/3058","targetHints":{"allow":["GET"]}}],"collection":[{"href":"https:\/\/mundodocarnaval.com.br\/pt_br\/wp-json\/wp\/v2\/posts"}],"about":[{"href":"https:\/\/mundodocarnaval.com.br\/pt_br\/wp-json\/wp\/v2\/types\/post"}],"author":[{"embeddable":true,"href":"https:\/\/mundodocarnaval.com.br\/pt_br\/wp-json\/wp\/v2\/users\/1"}],"replies":[{"embeddable":true,"href":"https:\/\/mundodocarnaval.com.br\/pt_br\/wp-json\/wp\/v2\/comments?post=3058"}],"version-history":[{"count":1,"href":"https:\/\/mundodocarnaval.com.br\/pt_br\/wp-json\/wp\/v2\/posts\/3058\/revisions"}],"predecessor-version":[{"id":3060,"href":"https:\/\/mundodocarnaval.com.br\/pt_br\/wp-json\/wp\/v2\/posts\/3058\/revisions\/3060"}],"wp:featuredmedia":[{"embeddable":true,"href":"https:\/\/mundodocarnaval.com.br\/pt_br\/wp-json\/wp\/v2\/media\/3059"}],"wp:attachment":[{"href":"https:\/\/mundodocarnaval.com.br\/pt_br\/wp-json\/wp\/v2\/media?parent=3058"}],"wp:term":[{"taxonomy":"category","embeddable":true,"href":"https:\/\/mundodocarnaval.com.br\/pt_br\/wp-json\/wp\/v2\/categories?post=3058"},{"taxonomy":"post_tag","embeddable":true,"href":"https:\/\/mundodocarnaval.com.br\/pt_br\/wp-json\/wp\/v2\/tags?post=3058"}],"curies":[{"name":"wp","href":"https:\/\/api.w.org\/{rel}","templated":true}]}}