{"id":3064,"date":"2025-07-11T16:33:16","date_gmt":"2025-07-11T19:33:16","guid":{"rendered":"https:\/\/mundodocarnaval.com.br\/?p=3064"},"modified":"2025-07-11T16:33:16","modified_gmt":"2025-07-11T19:33:16","slug":"maximyliano-e-confirmado-como-muso-do-imperio-serrano","status":"publish","type":"post","link":"https:\/\/mundodocarnaval.com.br\/pt_br\/maximyliano-e-confirmado-como-muso-do-imperio-serrano\/","title":{"rendered":"Maximyliano \u00e9 confirmado como muso do Imp\u00e9rio Serrano"},"content":{"rendered":"<p>Maximyliano \u00e9 confirmado como muso do Imp\u00e9rio Serrano para o Carnaval 2026<\/p>\n<p>O Imp\u00e9rio Serrano anunciou a continuidade de Maximyliano como muso da escola para o Carnaval de 2026. Integrando o elenco da agremia\u00e7\u00e3o desde 2022, o artista segue reafirmando seu compromisso com a verde e branca de Madureira, trazendo representatividade, for\u00e7a e eleg\u00e2ncia \u00e0 avenida.<\/p>\n<p>\u201cMinha expectativa, al\u00e9m de ser campe\u00e3o, \u00e9 fazer um dos melhores desfiles da minha vida e representar a ancestralidade de Madureira. Desde o primeiro dia que cheguei \u00e0 escola fui recebido de bra\u00e7os abertos pela comunidade, segmentos e diretoria. Me sinto em casa quando estou na quadra, eventos e ensaios\u201d \u2013 revela Max.<\/p>\n<p>No \u00faltimo carnaval, Maximyliano protagonizou um momento hist\u00f3rico em sua trajet\u00f3ria ao participar de dois desfiles no mesmo dia \u2014 no Samb\u00f3dromo da Marqu\u00eas de Sapuca\u00ed, pelo Imp\u00e9rio Serrano, e no Samb\u00f3dromo do Anhembi, pela \u00c1guia de Ouro, em S\u00e3o Paulo. O feito refor\u00e7a sua dedica\u00e7\u00e3o ao samba e \u00e0 cultura carnavalesca.<\/p>\n<p>Fotos: Divulga\u00e7\u00e3o \/ Gardel Assessoria <\/p>\n","protected":false},"excerpt":{"rendered":"<p>Maximyliano \u00e9 confirmado como muso do Imp\u00e9rio Serrano para o Carnaval 2026 O Imp\u00e9rio Serrano anunciou a continuidade de Maximyliano como muso da escola para o Carnaval de 2026. Integrando o elenco da agremia\u00e7\u00e3o desde 2022, o artista segue reafirmando seu compromisso com a verde e branca de Madureira, trazendo representatividade, for\u00e7a e eleg\u00e2ncia \u00e0 [&hellip;]<\/p>\n","protected":false},"author":1,"featured_media":3066,"comment_status":"closed","ping_status":"closed","sticky":false,"template":"","format":"standard","meta":{"footnotes":""},"categories":[11],"tags":[],"class_list":["post-3064","post","type-post","status-publish","format-standard","has-post-thumbnail","hentry","category-noticias"],"_links":{"self":[{"href":"https:\/\/mundodocarnaval.com.br\/pt_br\/wp-json\/wp\/v2\/posts\/3064","targetHints":{"allow":["GET"]}}],"collection":[{"href":"https:\/\/mundodocarnaval.com.br\/pt_br\/wp-json\/wp\/v2\/posts"}],"about":[{"href":"https:\/\/mundodocarnaval.com.br\/pt_br\/wp-json\/wp\/v2\/types\/post"}],"author":[{"embeddable":true,"href":"https:\/\/mundodocarnaval.com.br\/pt_br\/wp-json\/wp\/v2\/users\/1"}],"replies":[{"embeddable":true,"href":"https:\/\/mundodocarnaval.com.br\/pt_br\/wp-json\/wp\/v2\/comments?post=3064"}],"version-history":[{"count":1,"href":"https:\/\/mundodocarnaval.com.br\/pt_br\/wp-json\/wp\/v2\/posts\/3064\/revisions"}],"predecessor-version":[{"id":3067,"href":"https:\/\/mundodocarnaval.com.br\/pt_br\/wp-json\/wp\/v2\/posts\/3064\/revisions\/3067"}],"wp:featuredmedia":[{"embeddable":true,"href":"https:\/\/mundodocarnaval.com.br\/pt_br\/wp-json\/wp\/v2\/media\/3066"}],"wp:attachment":[{"href":"https:\/\/mundodocarnaval.com.br\/pt_br\/wp-json\/wp\/v2\/media?parent=3064"}],"wp:term":[{"taxonomy":"category","embeddable":true,"href":"https:\/\/mundodocarnaval.com.br\/pt_br\/wp-json\/wp\/v2\/categories?post=3064"},{"taxonomy":"post_tag","embeddable":true,"href":"https:\/\/mundodocarnaval.com.br\/pt_br\/wp-json\/wp\/v2\/tags?post=3064"}],"curies":[{"name":"wp","href":"https:\/\/api.w.org\/{rel}","templated":true}]}}