{"id":3102,"date":"2025-07-27T00:09:37","date_gmt":"2025-07-27T03:09:37","guid":{"rendered":"https:\/\/mundodocarnaval.com.br\/?p=3102"},"modified":"2025-07-27T00:10:44","modified_gmt":"2025-07-27T03:10:44","slug":"unidos-de-vila-isabel-recebe-visita-de-turma-de-universitarios-de-harvard-para-intercambio-cultural","status":"publish","type":"post","link":"https:\/\/mundodocarnaval.com.br\/pt_br\/unidos-de-vila-isabel-recebe-visita-de-turma-de-universitarios-de-harvard-para-intercambio-cultural\/","title":{"rendered":"Unidos de Vila Isabel recebe visita de turma de universit\u00e1rios de Harvard para interc\u00e2mbio cultural"},"content":{"rendered":"<p>Foto: Cristian de Jesus<\/p>\n<p>Unidos de Vila Isabel recebe visita de turma de universit\u00e1rios de Harvard para interc\u00e2mbio cultural<\/p>\n<p>Grupo est\u00e1 h\u00e1 um m\u00eas no Brasil conhecendo a cidade com base no enredo da escola<\/p>\n<p>A Unidos de Vila Isabel recebeu nesta sexta-feira (11) uma turma de estudantes da Universidade de Harvard, uma das mais prestigiadas do mundo, no barrac\u00e3o da agremia\u00e7\u00e3o. O grupo realizou uma visita\u00e7\u00e3o para conhecer os processos de cria\u00e7\u00e3o dos desfiles e aprender sobre a import\u00e2ncia das escolas de samba e do Carnaval.<\/p>\n<p>Os estudantes est\u00e3o no Brasil atrav\u00e9s de um programa do Centro de Estudos da Am\u00e9rica Latina da universidade. Durante quatro semanas, o grupo participou de encontros tem\u00e1ticos no Rio de Janeiro. Todos os lugares escolhidos est\u00e3o relacionados com Heitor dos Prazeres. <\/p>\n<p>\u201cAo longo do programa, visitamos a Pequena \u00c1frica, o centro hist\u00f3rico e a favela Pereira da Silva \u2014 sempre conectando essas experi\u00eancias ao enredo da Vila Isabel, que tem sido nosso fio condutor. Nada melhor do que encerrar esse ciclo com a visita ao barrac\u00e3o\u201d, afirmou Mariana Piller, coordenadora de atividades do programa.<\/p>\n<p>Em 2026, a azul e branca do bairro de Noel apresentar\u00e1 \u201cMacumbemb\u00ea, Samboremb\u00e1: Sonhei que um Sambista Sonhou a \u00c1frica\u201d. O enredo parte de um olhar on\u00edrico para homenagear o multiartista Heitor dos Prazeres, a quem \u00e9 atribu\u00edda a cria\u00e7\u00e3o dos termos &#8220;Pequena \u00c1frica&#8221; e &#8220;\u00c1frica em miniatura&#8221; para se referir \u00e0 regi\u00e3o da antiga Pra\u00e7a Onze. <\/p>\n<p>\u201cConhecer a hist\u00f3ria de Heitor dos Prazeres foi importante para entender n\u00e3o s\u00f3 quem foi o sambista, mas tamb\u00e9m a hist\u00f3ria e a cultura do pa\u00eds. Esse enredo me ajudou a enxergar o Brasil com outros olhos, compreender um pa\u00eds potente e cheio de criatividade\u201d, afirmou Luiz, um dos universit\u00e1rios de Harvard.<\/p>\n","protected":false},"excerpt":{"rendered":"<p>Foto: Cristian de Jesus Unidos de Vila Isabel recebe visita de turma de universit\u00e1rios de Harvard para interc\u00e2mbio cultural Grupo est\u00e1 h\u00e1 um m\u00eas no Brasil conhecendo a cidade com base no enredo da escola A Unidos de Vila Isabel recebeu nesta sexta-feira (11) uma turma de estudantes da Universidade de Harvard, uma das mais [&hellip;]<\/p>\n","protected":false},"author":1,"featured_media":0,"comment_status":"closed","ping_status":"closed","sticky":false,"template":"","format":"standard","meta":{"footnotes":""},"categories":[12],"tags":[],"class_list":["post-3102","post","type-post","status-publish","format-standard","hentry","category-grupo-especial"],"_links":{"self":[{"href":"https:\/\/mundodocarnaval.com.br\/pt_br\/wp-json\/wp\/v2\/posts\/3102","targetHints":{"allow":["GET"]}}],"collection":[{"href":"https:\/\/mundodocarnaval.com.br\/pt_br\/wp-json\/wp\/v2\/posts"}],"about":[{"href":"https:\/\/mundodocarnaval.com.br\/pt_br\/wp-json\/wp\/v2\/types\/post"}],"author":[{"embeddable":true,"href":"https:\/\/mundodocarnaval.com.br\/pt_br\/wp-json\/wp\/v2\/users\/1"}],"replies":[{"embeddable":true,"href":"https:\/\/mundodocarnaval.com.br\/pt_br\/wp-json\/wp\/v2\/comments?post=3102"}],"version-history":[{"count":1,"href":"https:\/\/mundodocarnaval.com.br\/pt_br\/wp-json\/wp\/v2\/posts\/3102\/revisions"}],"predecessor-version":[{"id":3227,"href":"https:\/\/mundodocarnaval.com.br\/pt_br\/wp-json\/wp\/v2\/posts\/3102\/revisions\/3227"}],"wp:attachment":[{"href":"https:\/\/mundodocarnaval.com.br\/pt_br\/wp-json\/wp\/v2\/media?parent=3102"}],"wp:term":[{"taxonomy":"category","embeddable":true,"href":"https:\/\/mundodocarnaval.com.br\/pt_br\/wp-json\/wp\/v2\/categories?post=3102"},{"taxonomy":"post_tag","embeddable":true,"href":"https:\/\/mundodocarnaval.com.br\/pt_br\/wp-json\/wp\/v2\/tags?post=3102"}],"curies":[{"name":"wp","href":"https:\/\/api.w.org\/{rel}","templated":true}]}}