{"id":3103,"date":"2025-07-17T13:08:39","date_gmt":"2025-07-17T16:08:39","guid":{"rendered":"https:\/\/mundodocarnaval.com.br\/?p=3103"},"modified":"2025-07-17T13:08:39","modified_gmt":"2025-07-17T16:08:39","slug":"upm-recebe-estacio-em-tarde-de-feijoada-na-vila-vintem","status":"publish","type":"post","link":"https:\/\/mundodocarnaval.com.br\/pt_br\/upm-recebe-estacio-em-tarde-de-feijoada-na-vila-vintem\/","title":{"rendered":"UPM recebe Est\u00e1cio em tarde de Feijoada na Vila Vint\u00e9m"},"content":{"rendered":"<p>UPM recebe Est\u00e1cio em tarde de Feijoada na Vila Vint\u00e9m<\/p>\n<p> Grupo Escolha Nossa e  Cantor Lel\u00ea Carlos fazem parte da programa\u00e7\u00e3o <\/p>\n<p>A Unidos de Padre Miguel convida a comunidade e os amantes do samba para mais uma edi\u00e7\u00e3o da sua tradicional Feijoada da UPM, que acontecer\u00e1 no pr\u00f3ximo dia 20 de julho, a partir das 13h, na quadra da escola, localizada na Rua Mesquita, n\u00ba 8, em Padre Miguel.<\/p>\n<p>O evento, que j\u00e1 faz parte do calend\u00e1rio cultural da Zona Oeste carioca, promete reunir m\u00fasica de qualidade, gastronomia t\u00edpica e muito samba no p\u00e9. A grande atra\u00e7\u00e3o do dia ser\u00e1 a presen\u00e7a da G.R.E.S. Est\u00e1cio de S\u00e1, escola convidada e refer\u00eancia no carnaval carioca, que abrilhantar\u00e1 a tarde com sua bateria, passistas e demais segmentos.<\/p>\n<p>Al\u00e9m da Est\u00e1cio de S\u00e1, o p\u00fablico contar\u00e1 com uma super apresenta\u00e7\u00e3o dos segmentos do Boi Vermelho e shows de grandes talentos como o grupo Escolha Nossa e o cantor Lel\u00ea Carlos, garantindo um repert\u00f3rio variado e animado ao longo de todo o evento.<\/p>\n<p>A entrada custa R$ 25,00 com direito \u00e0 feijoada e R$ 10,00 sem feijoada. No entanto, quem estiver vestindo qualquer camisa da Unidos de Padre Miguel ou da coirm\u00e3 Est\u00e1cio de S\u00e1 ter\u00e1 entrada liberada, refor\u00e7ando o esp\u00edrito de confraterniza\u00e7\u00e3o entre sambistas e torcedores das agremia\u00e7\u00f5es.<\/p>\n<p>SERVI\u00c7O:<\/p>\n<p>\ud83d\udccd Feijoada da UPM<\/p>\n<p>\ud83d\udcc5 20 de julho (domingo)<\/p>\n<p>\ud83d\udd50 A partir das 13h<\/p>\n<p>\ud83d\udccc Quadra da Unidos de Padre Miguel \u2013 R. Mesquita, 8, Padre Miguel \u2013 RJ<\/p>\n<p>\ud83c\udf9f\ufe0f Entrada: R$ 25 (com feijoada) | R$ 10 (sem feijoada)<\/p>\n<p>\ud83c\udf9f\ufe0f Entrada gratuita com camisa da UPM ou da Est\u00e1cio de S\u00e1<\/p>\n<p>Fotos: S1 Fotografia e Comunica\u00e7\u00e3o<\/p>\n","protected":false},"excerpt":{"rendered":"<p>UPM recebe Est\u00e1cio em tarde de Feijoada na Vila Vint\u00e9m Grupo Escolha Nossa e Cantor Lel\u00ea Carlos fazem parte da programa\u00e7\u00e3o A Unidos de Padre Miguel convida a comunidade e os amantes do samba para mais uma edi\u00e7\u00e3o da sua tradicional Feijoada da UPM, que acontecer\u00e1 no pr\u00f3ximo dia 20 de julho, a partir das [&hellip;]<\/p>\n","protected":false},"author":1,"featured_media":3104,"comment_status":"closed","ping_status":"closed","sticky":false,"template":"","format":"standard","meta":{"footnotes":""},"categories":[13],"tags":[],"class_list":["post-3103","post","type-post","status-publish","format-standard","has-post-thumbnail","hentry","category-fashion"],"_links":{"self":[{"href":"https:\/\/mundodocarnaval.com.br\/pt_br\/wp-json\/wp\/v2\/posts\/3103","targetHints":{"allow":["GET"]}}],"collection":[{"href":"https:\/\/mundodocarnaval.com.br\/pt_br\/wp-json\/wp\/v2\/posts"}],"about":[{"href":"https:\/\/mundodocarnaval.com.br\/pt_br\/wp-json\/wp\/v2\/types\/post"}],"author":[{"embeddable":true,"href":"https:\/\/mundodocarnaval.com.br\/pt_br\/wp-json\/wp\/v2\/users\/1"}],"replies":[{"embeddable":true,"href":"https:\/\/mundodocarnaval.com.br\/pt_br\/wp-json\/wp\/v2\/comments?post=3103"}],"version-history":[{"count":1,"href":"https:\/\/mundodocarnaval.com.br\/pt_br\/wp-json\/wp\/v2\/posts\/3103\/revisions"}],"predecessor-version":[{"id":3105,"href":"https:\/\/mundodocarnaval.com.br\/pt_br\/wp-json\/wp\/v2\/posts\/3103\/revisions\/3105"}],"wp:featuredmedia":[{"embeddable":true,"href":"https:\/\/mundodocarnaval.com.br\/pt_br\/wp-json\/wp\/v2\/media\/3104"}],"wp:attachment":[{"href":"https:\/\/mundodocarnaval.com.br\/pt_br\/wp-json\/wp\/v2\/media?parent=3103"}],"wp:term":[{"taxonomy":"category","embeddable":true,"href":"https:\/\/mundodocarnaval.com.br\/pt_br\/wp-json\/wp\/v2\/categories?post=3103"},{"taxonomy":"post_tag","embeddable":true,"href":"https:\/\/mundodocarnaval.com.br\/pt_br\/wp-json\/wp\/v2\/tags?post=3103"}],"curies":[{"name":"wp","href":"https:\/\/api.w.org\/{rel}","templated":true}]}}