{"id":3109,"date":"2025-07-17T15:00:31","date_gmt":"2025-07-17T18:00:31","guid":{"rendered":"https:\/\/mundodocarnaval.com.br\/?p=3109"},"modified":"2025-07-17T15:00:31","modified_gmt":"2025-07-17T18:00:31","slug":"em-noite-de-festa-de-aniversario-inocentes-de-belford-roxo-realiza-coroacao-da-rainha-de-bateria","status":"publish","type":"post","link":"https:\/\/mundodocarnaval.com.br\/pt_br\/em-noite-de-festa-de-aniversario-inocentes-de-belford-roxo-realiza-coroacao-da-rainha-de-bateria\/","title":{"rendered":"Em noite de festa de Anivers\u00e1rio Inocentes de Belford Roxo realiza coroa\u00e7\u00e3o da Rainha de Bateria"},"content":{"rendered":"<p>2 mil pessoas na festa de anivers\u00e1rio e coroa\u00e7\u00e3o da rainha da Inocentes<\/p>\n<p>Carolane Silva foi coroada rainha de bateria pela Inocentes de Belford Roxo, na festa de anivers\u00e1rio da agremia\u00e7\u00e3o, na noite deste domingo (13), na quadra da escola, na presen\u00e7a de 2 mil pessoas.<\/p>\n<p>O presidente de Honra Reginaldo Gomes abriu a cerim\u00f4nia de cora\u00e7\u00e3o convidando ao palco os novos contratados carnavalesco Edson Pereira, diretor Geral de Carnaval Julinho Fonseca, core\u00f3grafos da comiss\u00e3o de frente Sergio Lobato e Patr\u00edcia Salgado, porta-bandeira Thain\u00e1 Teixeira, mestre-sala Vinicius Jesus, dire\u00e7\u00e3o de Harmonia Leonardo Brand\u00e3o e Vitor Leite e o cantor Ito Melodia.<\/p>\n<p>\u201cSomos a maior divulgadora da cultura do munic\u00edpio. Estamos muito felizes com o apoio do chefe de gabinete Marcelo Canella, do prefeito M\u00e1rcio Canella e da vice-prefeita Mariana Malta, que tem estado ao nosso lado fornecendo estrutura para realiza\u00e7\u00e3o dos nossos eventos. Agrade\u00e7o a todos os que vieram prestigiar a nossa festa. \u00c9 muito bonito ver nossa quadra lotada. Olha ele ali, Nino do Mil\u00eanio, cantor da Beija-Flor, nosso orgulho, que come\u00e7ou com a gente. Obrigado, tamb\u00e9m, ao presidente do Salgueiro Andr\u00e8 Vaz por nos presentear com seu elenco show.  Vamos em busca do t\u00edtulo. Viva a Nova Inocentes!\u201d, disse o presidente de Honra, Reginaldo Gomes.<\/p>\n<p>A rainha recepcionou seus convidados no camarote decorado com flores e banners com sua foto. No card\u00e1pio, salgados finos, mesa de frios, feijoada, drinks, bebidas finas, chopp, refrigerante e suco.<\/p>\n<p>Caroline recebeu a faixa de rainha pelas m\u00e3os do presidente administrativo Icaro Ribeiro, sendo coroada pela rainha dos ritmistas da Unidos de Padre Miguel. O momento mais fofo da coroa\u00e7\u00e3o foi quando o filho da nova rainha Felipe Neiva, 6 anos, em um gesto de respeito se ajoelhou diante da m\u00e3e e entregou um buqu\u00ea de flores.<\/p>\n<p>\u201cMinhas passistas esse \u00e9 o nosso lugar e a nossa verdade, todas voc\u00eas podem chegar aqui sintam-se representadas pelo meu samba no p\u00e9 nesse ch\u00e3o de Belford Roxo, na Inocentes. Estou muito feliz! Obrigado comunidade, harmonia, diretores, mestre Washington\u201d falou emocionada a rainha.<\/p>\n<p>Na festan\u00e7a foi servida gratuitamente uma deliciosa feijoada para todos e contou com show do grupo de pagode Pericao, Projeto Samba Show, cantor Ito Melodia, a nova voz da agremia\u00e7\u00e3o. E a participa\u00e7\u00e3o especial da escola convidada Acad\u00eamicos do Salgueiro, que abrilhantou a festa.<\/p>\n<p>Entre os presentes destacamos: Chefe de Gabinete Marcelo Canella, novo cantor da Beija-Flor Nino do Mil\u00eanio, rainha de bateria da UPM Andressa Marinho, rainha de bateria da Inocentes de 2025 e atual  rainha de bateria da Acad\u00eamicos de Niter\u00f3i Vanessa Rangeli, mestre de bateria da UPM Laion Jorge, destaque da Tuiuti Marcinho, personalidades do samba, empres\u00e1rios, pol\u00edticos e v\u00e1rios presidentes de alas de Passistas, entre eles: Gabriel Castro (Vila Isabel e Vig\u00e1rio Geral), Ellen Beatriz (Bangu), Pedro Telles (Est\u00e1cio), Renato Metello (Porto da Pedra), Vict\u00f3ria Bombom e Igor Walker (Arranco).<\/p>\n<p>Ap\u00f3s o sacode do Ito Melodia com a participa\u00e7\u00e3o da Cad\u00eancia da Baixada e segmentos da tricolor de Belford Roxo foi cortado o bolo comemorativo.<\/p>\n<p>Foto (fot\u00f3grafo Willian Davoli) 1: Secret\u00e1rio Marcelo Canella, presidente de Honra Reginaldo Gomes, rainha de bateria Carolane Silva, carnavalesco Edson Pereira, cantor Ito Melodia, core\u00f3grafos Patricia Salgado e S\u00e9rgio Lobato;<\/p>\n<p>Foto (fot\u00f3grafo Willian Davoli) 2: O filho da rainha, o menino Felipe Neiva reverenciando a m\u00e3e<\/p>\n<p>Foto (fot\u00f3grafo Willian Davoli) 3: Andressa Marinho e Carolane Silva<\/p>\n<p>Foto (fot\u00f3grafo Willian Davoli) 4: Quadra da Inocentes lotada na festan\u00e7a de anivers\u00e1rio<\/p>\n","protected":false},"excerpt":{"rendered":"<p>2 mil pessoas na festa de anivers\u00e1rio e coroa\u00e7\u00e3o da rainha da Inocentes Carolane Silva foi coroada rainha de bateria pela Inocentes de Belford Roxo, na festa de anivers\u00e1rio da agremia\u00e7\u00e3o, na noite deste domingo (13), na quadra da escola, na presen\u00e7a de 2 mil pessoas. O presidente de Honra Reginaldo Gomes abriu a cerim\u00f4nia [&hellip;]<\/p>\n","protected":false},"author":1,"featured_media":3110,"comment_status":"closed","ping_status":"closed","sticky":false,"template":"","format":"standard","meta":{"footnotes":""},"categories":[13],"tags":[],"class_list":["post-3109","post","type-post","status-publish","format-standard","has-post-thumbnail","hentry","category-fashion"],"_links":{"self":[{"href":"https:\/\/mundodocarnaval.com.br\/pt_br\/wp-json\/wp\/v2\/posts\/3109","targetHints":{"allow":["GET"]}}],"collection":[{"href":"https:\/\/mundodocarnaval.com.br\/pt_br\/wp-json\/wp\/v2\/posts"}],"about":[{"href":"https:\/\/mundodocarnaval.com.br\/pt_br\/wp-json\/wp\/v2\/types\/post"}],"author":[{"embeddable":true,"href":"https:\/\/mundodocarnaval.com.br\/pt_br\/wp-json\/wp\/v2\/users\/1"}],"replies":[{"embeddable":true,"href":"https:\/\/mundodocarnaval.com.br\/pt_br\/wp-json\/wp\/v2\/comments?post=3109"}],"version-history":[{"count":1,"href":"https:\/\/mundodocarnaval.com.br\/pt_br\/wp-json\/wp\/v2\/posts\/3109\/revisions"}],"predecessor-version":[{"id":3111,"href":"https:\/\/mundodocarnaval.com.br\/pt_br\/wp-json\/wp\/v2\/posts\/3109\/revisions\/3111"}],"wp:featuredmedia":[{"embeddable":true,"href":"https:\/\/mundodocarnaval.com.br\/pt_br\/wp-json\/wp\/v2\/media\/3110"}],"wp:attachment":[{"href":"https:\/\/mundodocarnaval.com.br\/pt_br\/wp-json\/wp\/v2\/media?parent=3109"}],"wp:term":[{"taxonomy":"category","embeddable":true,"href":"https:\/\/mundodocarnaval.com.br\/pt_br\/wp-json\/wp\/v2\/categories?post=3109"},{"taxonomy":"post_tag","embeddable":true,"href":"https:\/\/mundodocarnaval.com.br\/pt_br\/wp-json\/wp\/v2\/tags?post=3109"}],"curies":[{"name":"wp","href":"https:\/\/api.w.org\/{rel}","templated":true}]}}