{"id":3174,"date":"2025-07-26T19:50:01","date_gmt":"2025-07-26T22:50:01","guid":{"rendered":"https:\/\/mundodocarnaval.com.br\/?p=3174"},"modified":"2025-07-26T19:50:02","modified_gmt":"2025-07-26T22:50:02","slug":"unidos-de-padre-miguel-prorroga-inscricoes-e-divulga-novo-calendario-da-disputa-de-sambas","status":"publish","type":"post","link":"https:\/\/mundodocarnaval.com.br\/pt_br\/unidos-de-padre-miguel-prorroga-inscricoes-e-divulga-novo-calendario-da-disputa-de-sambas\/","title":{"rendered":"Unidos de Padre Miguel prorroga inscri\u00e7\u00f5es e divulga novo calend\u00e1rio da disputa de sambas"},"content":{"rendered":"<p>Unidos de Padre Miguel prorroga inscri\u00e7\u00f5es e divulga novo calend\u00e1rio da disputa de sambas para o Carnaval 2026<\/p>\n<p>Atendendo \u00e0 solicita\u00e7\u00e3o da Ala de Compositores, a dire\u00e7\u00e3o da Unidos de Padre Miguel decidiu prorrogar o prazo de entrega dos sambas-enredo para o Carnaval 2026. A nova data para a inscri\u00e7\u00e3o das obras ser\u00e1 no dia 9 de agosto, das 16h \u00e0s 19h, na quadra da escola, localizada na Rua Mesquita, 8 \u2013 Padre Miguel.<\/p>\n<p>\u201cA prorroga\u00e7\u00e3o foi uma decis\u00e3o conjunta com a nossa ala de compositores, com o objetivo de garantir que todos tenham tempo suficiente para aprofundar a pesquisa e desenvolver suas obras com ainda mais qualidade. Queremos uma disputa forte, com sambas que emocionem e representem com verdade a grandeza do nosso enredo e da nossa escola\u201d, destacou o Diretor de Carnaval, C\u00edcero Costa.<\/p>\n<p>Com o enredo \u201c\ud835\ude12\ud835\ude36\ud835\ude2f\ud835\ude29\u00e3-\ud835\ude0c\ud835\ude35\u00e9: \ud835\ude16 \ud835\ude1a\ud835\ude30\ud835\ude31\ud835\ude33\ud835\ude30 \ud835\ude1a\ud835\ude22\ud835\ude28\ud835\ude33\ud835\ude22\ud835\ude25\ud835\ude30 \ud835\ude25\ud835\ude22 \ud835\ude11\ud835\ude36\ud835\ude33\ud835\ude26\ud835\ude2e\ud835\ude22\u201d, desenvolvido pelo carnavalesco Lucas Milato, a Unidos prop\u00f5e uma imers\u00e3o na trajet\u00f3ria da guerreira ind\u00edgena Clara Camar\u00e3o, s\u00edmbolo de coragem, lideran\u00e7a e resist\u00eancia feminina no Brasil colonial.<\/p>\n<p>A expectativa da dire\u00e7\u00e3o \u00e9 que a nova data estimule a cria\u00e7\u00e3o de obras ainda mais potentes, que traduzam com emo\u00e7\u00e3o e respeito a proposta do desfile da Vermelha e Branca da Vila Vint\u00e9m. Para apoiar os compositores nesse processo, a escola poder\u00e1 promover mais dois encontros de tira-d\u00favidas com o carnavalesco, caso haja demanda das parcerias.<\/p>\n<p>Confira o novo calend\u00e1rio oficial:<\/p>\n<p>\ud83d\udcc5 09\/08 \u2013 Entrega dos sambas<\/p>\n<p>\ud83d\udcc5 17\/08 \u2013 Feijoada com apresenta\u00e7\u00e3o dos sambas concorrentes<\/p>\n<p>\ud83d\udcc5 22\/08 \u2013 1\u00aa eliminat\u00f3ria<\/p>\n<p>\ud83d\udcc5 29\/08 \u2013 2\u00aa eliminat\u00f3ria<\/p>\n<p>\ud83d\udcc5 05\/09 \u2013 Semifinal<\/p>\n<p>\ud83d\udcc5 13\/09 \u2013 Grande Final<\/p>\n<p>A Unidos de Padre Miguel ser\u00e1 a quinta escola a desfilar na sexta-feira de carnaval, pela S\u00e9rie Ouro do Rio de Janeiro, em busca do t\u00edtulo e do retorno ao Grupo Especial.<\/p>\n","protected":false},"excerpt":{"rendered":"<p>Unidos de Padre Miguel prorroga inscri\u00e7\u00f5es e divulga novo calend\u00e1rio da disputa de sambas para o Carnaval 2026 Atendendo \u00e0 solicita\u00e7\u00e3o da Ala de Compositores, a dire\u00e7\u00e3o da Unidos de Padre Miguel decidiu prorrogar o prazo de entrega dos sambas-enredo para o Carnaval 2026. A nova data para a inscri\u00e7\u00e3o das obras ser\u00e1 no dia [&hellip;]<\/p>\n","protected":false},"author":1,"featured_media":3176,"comment_status":"closed","ping_status":"closed","sticky":false,"template":"","format":"standard","meta":{"footnotes":""},"categories":[13],"tags":[],"class_list":["post-3174","post","type-post","status-publish","format-standard","has-post-thumbnail","hentry","category-fashion"],"_links":{"self":[{"href":"https:\/\/mundodocarnaval.com.br\/pt_br\/wp-json\/wp\/v2\/posts\/3174","targetHints":{"allow":["GET"]}}],"collection":[{"href":"https:\/\/mundodocarnaval.com.br\/pt_br\/wp-json\/wp\/v2\/posts"}],"about":[{"href":"https:\/\/mundodocarnaval.com.br\/pt_br\/wp-json\/wp\/v2\/types\/post"}],"author":[{"embeddable":true,"href":"https:\/\/mundodocarnaval.com.br\/pt_br\/wp-json\/wp\/v2\/users\/1"}],"replies":[{"embeddable":true,"href":"https:\/\/mundodocarnaval.com.br\/pt_br\/wp-json\/wp\/v2\/comments?post=3174"}],"version-history":[{"count":1,"href":"https:\/\/mundodocarnaval.com.br\/pt_br\/wp-json\/wp\/v2\/posts\/3174\/revisions"}],"predecessor-version":[{"id":3177,"href":"https:\/\/mundodocarnaval.com.br\/pt_br\/wp-json\/wp\/v2\/posts\/3174\/revisions\/3177"}],"wp:featuredmedia":[{"embeddable":true,"href":"https:\/\/mundodocarnaval.com.br\/pt_br\/wp-json\/wp\/v2\/media\/3176"}],"wp:attachment":[{"href":"https:\/\/mundodocarnaval.com.br\/pt_br\/wp-json\/wp\/v2\/media?parent=3174"}],"wp:term":[{"taxonomy":"category","embeddable":true,"href":"https:\/\/mundodocarnaval.com.br\/pt_br\/wp-json\/wp\/v2\/categories?post=3174"},{"taxonomy":"post_tag","embeddable":true,"href":"https:\/\/mundodocarnaval.com.br\/pt_br\/wp-json\/wp\/v2\/tags?post=3174"}],"curies":[{"name":"wp","href":"https:\/\/api.w.org\/{rel}","templated":true}]}}