{"id":3187,"date":"2025-07-26T22:07:09","date_gmt":"2025-07-27T01:07:09","guid":{"rendered":"https:\/\/mundodocarnaval.com.br\/?p=3187"},"modified":"2025-07-26T22:07:09","modified_gmt":"2025-07-27T01:07:09","slug":"samba-das-yabas-comemora-3-anos-de-axe-resistencia-e-cultura","status":"publish","type":"post","link":"https:\/\/mundodocarnaval.com.br\/pt_br\/samba-das-yabas-comemora-3-anos-de-axe-resistencia-e-cultura\/","title":{"rendered":"Samba das Yab\u00e1s comemora 3 Anos de Ax\u00e9, Resist\u00eancia e Cultura"},"content":{"rendered":"<p>Samba das Yab\u00e1s comemora 3 Anos de Ax\u00e9, Resist\u00eancia e Cultura neste domingo (27), no Teatro Popular Oscar Niemeyer, em Niter\u00f3i.<\/p>\n<p>Neste domingo, dia 27 de julho, a partir das 15h, o Teatro Popular Oscar Niemeyer, no Centro de Niter\u00f3i, ser\u00e1 palco de uma grande festa, com uma programa\u00e7\u00e3o especial para todas as idades, destacando a import\u00e2ncia sociocultural dos terreiros da regi\u00e3o na preserva\u00e7\u00e3o das tradi\u00e7\u00f5es afro-brasileiras. A comemora\u00e7\u00e3o contar\u00e1 com um xir\u00ea e uma vibrante roda de samba, al\u00e9m de uma line-up poderosa, repleta de m\u00fasica, ax\u00e9 e resist\u00eancia.<\/p>\n<p>Entre as homenagens desta edi\u00e7\u00e3o, destacam-se as baianas das escolas de samba Cubango e Viradouro, que ser\u00e3o celebradas como m\u00e3es do samba. A festa ser\u00e1 um verdadeiro tributo \u00e0 for\u00e7a da mulher negra, especialmente \u00e0quelas que s\u00e3o as guardi\u00e3s da cultura e das tradi\u00e7\u00f5es no samba.<\/p>\n<p>O Samba das Yab\u00e1s \u00e9 um evento que tamb\u00e9m visa valorizar o sagrado feminino e sua rela\u00e7\u00e3o com as yab\u00e1s, as divindades femininas do Candombl\u00e9, e toda a espiritualidade que move a cultura afro-brasileira. Uma oportunidade \u00fanica de celebrar a ancestralidade, a resist\u00eancia e a import\u00e2ncia das mulheres negras na constru\u00e7\u00e3o do samba e das nossas tradi\u00e7\u00f5es culturais.<\/p>\n<p>O evento tamb\u00e9m ter\u00e1 Feira de Empreendedorismo afro com v\u00e1rios artesanatos; \u00c1rea Kids ; Trancistas e Pintura Corporal Afro. Tudo de gra\u00e7a.<\/p>\n<p>A festa do 3\u00ba anivers\u00e1rio do Samba das Yab\u00e1s, tem patroc\u00ednio Prefeitura de Niter\u00f3i, por meio da Secretaria Municipal das Culturas.  Nesses tr\u00eas anos de exist\u00eancia, o  evento vem trazendo para cidade sorriso, ancestralidade e a for\u00e7a das mulheres no samba,  com religiosidade afro-brasileira e  cultura popular.<\/p>\n<p>Acessibilidade: Como parte do nosso compromisso com a inclus\u00e3o, disponibilizamos um formul\u00e1rio de inscri\u00e7\u00e3o para pessoas com defici\u00eancia, garantindo atendimento de maior qualidade. Se voc\u00ea ou algu\u00e9m que voc\u00ea conhece se encaixa nesse perfil, preencha o formul\u00e1rio e venha celebrar conosco.<\/p>\n<p>Servi\u00e7o:<\/p>\n<p>Data: Domingo, dia 27 de julho de 2025.<\/p>\n<p>Hor\u00e1rio: A partir das 15h<\/p>\n<p>Local: Teatro Popular Oscar Niemeyer- Niter\u00f3i<\/p>\n<p>Entrada Franca<\/p>\n<p>* Classifica\u00e7\u00e3o Et\u00e1ria Livre<\/p>\n<p>* Feira de Empreendedorismo afro<\/p>\n<p>* \u00c1rea Kids (gratuito)<\/p>\n<p>&#8211; Trancistas (gratuito)<\/p>\n<p>&#8211; Pintura Corporal Afro (gratuito)<\/p>\n<p>Vamos celebrar esses 3 anos com muito samba no p\u00e9, ancestralidade, alegria e ax\u00e9!<\/p>\n<p>Como plano de acessibilidade estar\u00e1 dispon\u00edvel em nossa Bio um formul\u00e1rio de inscri\u00e7\u00e3o para pessoas com defici\u00eancia, a fim de um atendimento de maior qualidade para este p\u00fablico.<\/p>\n<p>Ent\u00e3o, se voc\u00ea \u00e9 uma pessoa com defici\u00eancia ou conhece algu\u00e9m, preencha o formul\u00e1rio e curta essa festa conosco.<\/p>\n<p>https:\/\/www.instagram.com\/reel\/DL44cTPMnEW\/?igsh=MTB0cDY0OWk4aDExbw==<\/p>\n<p>Mais informa\u00e7\u00f5es: 21 98091-3423<\/p>\n<p>Classifica\u00e7\u00e3o indicativa: Livre<\/p>\n<p>Realiza\u00e7\u00e3o: Prefeitura de Niter\u00f3i \/ Secretaria Municipal das Culturas<\/p>\n<p>Produ\u00e7\u00e3o: Ew\u00e9 Afro Produ\u00e7\u00f5es \/ Associa\u00e7\u00e3o Sociocultural Ew\u00e9<\/p>\n<p>#Cultura\u00c9UmDireito #CulturaPreta #SambaDasYab\u00e1s #Ax\u00e9 #Niter\u00f3i #SMCNiter\u00f3i #Cultura #PrefeituraDeNiter\u00f3i #Ew\u00e9AfroProdu\u00e7\u00f5es<\/p>\n","protected":false},"excerpt":{"rendered":"<p>Samba das Yab\u00e1s comemora 3 Anos de Ax\u00e9, Resist\u00eancia e Cultura neste domingo (27), no Teatro Popular Oscar Niemeyer, em Niter\u00f3i. Neste domingo, dia 27 de julho, a partir das 15h, o Teatro Popular Oscar Niemeyer, no Centro de Niter\u00f3i, ser\u00e1 palco de uma grande festa, com uma programa\u00e7\u00e3o especial para todas as idades, destacando [&hellip;]<\/p>\n","protected":false},"author":1,"featured_media":3188,"comment_status":"closed","ping_status":"closed","sticky":false,"template":"","format":"standard","meta":{"footnotes":""},"categories":[11],"tags":[],"class_list":["post-3187","post","type-post","status-publish","format-standard","has-post-thumbnail","hentry","category-noticias"],"_links":{"self":[{"href":"https:\/\/mundodocarnaval.com.br\/pt_br\/wp-json\/wp\/v2\/posts\/3187","targetHints":{"allow":["GET"]}}],"collection":[{"href":"https:\/\/mundodocarnaval.com.br\/pt_br\/wp-json\/wp\/v2\/posts"}],"about":[{"href":"https:\/\/mundodocarnaval.com.br\/pt_br\/wp-json\/wp\/v2\/types\/post"}],"author":[{"embeddable":true,"href":"https:\/\/mundodocarnaval.com.br\/pt_br\/wp-json\/wp\/v2\/users\/1"}],"replies":[{"embeddable":true,"href":"https:\/\/mundodocarnaval.com.br\/pt_br\/wp-json\/wp\/v2\/comments?post=3187"}],"version-history":[{"count":1,"href":"https:\/\/mundodocarnaval.com.br\/pt_br\/wp-json\/wp\/v2\/posts\/3187\/revisions"}],"predecessor-version":[{"id":3189,"href":"https:\/\/mundodocarnaval.com.br\/pt_br\/wp-json\/wp\/v2\/posts\/3187\/revisions\/3189"}],"wp:featuredmedia":[{"embeddable":true,"href":"https:\/\/mundodocarnaval.com.br\/pt_br\/wp-json\/wp\/v2\/media\/3188"}],"wp:attachment":[{"href":"https:\/\/mundodocarnaval.com.br\/pt_br\/wp-json\/wp\/v2\/media?parent=3187"}],"wp:term":[{"taxonomy":"category","embeddable":true,"href":"https:\/\/mundodocarnaval.com.br\/pt_br\/wp-json\/wp\/v2\/categories?post=3187"},{"taxonomy":"post_tag","embeddable":true,"href":"https:\/\/mundodocarnaval.com.br\/pt_br\/wp-json\/wp\/v2\/tags?post=3187"}],"curies":[{"name":"wp","href":"https:\/\/api.w.org\/{rel}","templated":true}]}}