{"id":3228,"date":"2025-07-31T12:17:23","date_gmt":"2025-07-31T15:17:23","guid":{"rendered":"https:\/\/mundodocarnaval.com.br\/?p=3228"},"modified":"2025-07-31T12:17:23","modified_gmt":"2025-07-31T15:17:23","slug":"academicos-do-cubango-e-chanel-do-drag-race-brasil-homenageiam-elza-soares","status":"publish","type":"post","link":"https:\/\/mundodocarnaval.com.br\/pt_br\/academicos-do-cubango-e-chanel-do-drag-race-brasil-homenageiam-elza-soares\/","title":{"rendered":"ACAD\u00caMICOS DO CUBANGO E CHANEL DO DRAG RACE BRASIL HOMENAGEIAM ELZA SOARES"},"content":{"rendered":"<p>A for\u00e7a de Elza Soares voltou a ecoar com pot\u00eancia e beleza em uma parceria que uniu duas refer\u00eancias culturais de Niter\u00f3i. A tradicional escola de samba Acad\u00eamicos do Cubango e a drag queen Chanel, participante da atual temporada do Drag Race Brasil, prestaram uma emocionante homenagem \u00e0 cantora, que completaria 95 anos em 2025.<\/p>\n<p>A homenagem foi conduzida por Chanel, que incorporou a est\u00e9tica e a simbologia de Elza a partir de uma refer\u00eancia direta \u00e0 turn\u00ea do disco A Mulher do Fim do Mundo. As performances foram gravadas em um dos barrac\u00f5es do Cubango e resgataram momentos marcantes da trajet\u00f3ria da artista com a agremia\u00e7\u00e3o.<\/p>\n<p>A rela\u00e7\u00e3o entre Elza Soares e o Acad\u00eamicos do Cubango \u00e9 hist\u00f3rica. Em 1979, a cantora foi figura central no enredo Afox\u00e9, chegando a conquistar o campeonato. Anos depois, em 2001, voltou a brilhar na escola como destaque de um dos carros aleg\u00f3ricos no enredo Por uma independ\u00eancia de fato.<\/p>\n<p>\u201c\u00c9 uma emo\u00e7\u00e3o imensa poder prestar essa homenagem a uma mulher t\u00e3o poderosa como Elza Soares. Ela representa uma for\u00e7a negra feminina que inspira gera\u00e7\u00f5es. Levar o Cubango para o Drag Race \u00e9 representar ainda mais o meu amor por Niter\u00f3i, por essa cidade que me constr\u00f3i\u201d, declarou Chanel.<\/p>\n<p>A a\u00e7\u00e3o celebra n\u00e3o apenas a mem\u00f3ria de Elza Soares, mas tamb\u00e9m a pot\u00eancia cultural de Niter\u00f3i, reafirmando os la\u00e7os entre o samba, a arte drag e o legado das grandes artistas negras da m\u00fasica brasileira.<\/p>\n","protected":false},"excerpt":{"rendered":"<p>A for\u00e7a de Elza Soares voltou a ecoar com pot\u00eancia e beleza em uma parceria que uniu duas refer\u00eancias culturais de Niter\u00f3i. A tradicional escola de samba Acad\u00eamicos do Cubango e a drag queen Chanel, participante da atual temporada do Drag Race Brasil, prestaram uma emocionante homenagem \u00e0 cantora, que completaria 95 anos em 2025. [&hellip;]<\/p>\n","protected":false},"author":1,"featured_media":0,"comment_status":"closed","ping_status":"closed","sticky":false,"template":"","format":"standard","meta":{"footnotes":""},"categories":[11],"tags":[],"class_list":["post-3228","post","type-post","status-publish","format-standard","hentry","category-noticias"],"_links":{"self":[{"href":"https:\/\/mundodocarnaval.com.br\/pt_br\/wp-json\/wp\/v2\/posts\/3228","targetHints":{"allow":["GET"]}}],"collection":[{"href":"https:\/\/mundodocarnaval.com.br\/pt_br\/wp-json\/wp\/v2\/posts"}],"about":[{"href":"https:\/\/mundodocarnaval.com.br\/pt_br\/wp-json\/wp\/v2\/types\/post"}],"author":[{"embeddable":true,"href":"https:\/\/mundodocarnaval.com.br\/pt_br\/wp-json\/wp\/v2\/users\/1"}],"replies":[{"embeddable":true,"href":"https:\/\/mundodocarnaval.com.br\/pt_br\/wp-json\/wp\/v2\/comments?post=3228"}],"version-history":[{"count":1,"href":"https:\/\/mundodocarnaval.com.br\/pt_br\/wp-json\/wp\/v2\/posts\/3228\/revisions"}],"predecessor-version":[{"id":3230,"href":"https:\/\/mundodocarnaval.com.br\/pt_br\/wp-json\/wp\/v2\/posts\/3228\/revisions\/3230"}],"wp:attachment":[{"href":"https:\/\/mundodocarnaval.com.br\/pt_br\/wp-json\/wp\/v2\/media?parent=3228"}],"wp:term":[{"taxonomy":"category","embeddable":true,"href":"https:\/\/mundodocarnaval.com.br\/pt_br\/wp-json\/wp\/v2\/categories?post=3228"},{"taxonomy":"post_tag","embeddable":true,"href":"https:\/\/mundodocarnaval.com.br\/pt_br\/wp-json\/wp\/v2\/tags?post=3228"}],"curies":[{"name":"wp","href":"https:\/\/api.w.org\/{rel}","templated":true}]}}