{"id":3233,"date":"2025-07-31T12:42:39","date_gmt":"2025-07-31T15:42:39","guid":{"rendered":"https:\/\/mundodocarnaval.com.br\/?p=3233"},"modified":"2025-07-31T12:42:39","modified_gmt":"2025-07-31T15:42:39","slug":"o-ar-que-se-respira-agora-inspira-novos-tempos-e-o-titulo-do-enredo-da-unidos-do-jacarezinho","status":"publish","type":"post","link":"https:\/\/mundodocarnaval.com.br\/pt_br\/o-ar-que-se-respira-agora-inspira-novos-tempos-e-o-titulo-do-enredo-da-unidos-do-jacarezinho\/","title":{"rendered":"&#8220;O ar que se respira agora inspira novos tempos&#8221; \u00e9 o t\u00edtulo do enredo da Unidos do Jacarezinho"},"content":{"rendered":"<p>&#8220;O ar que se respira agora inspira novos tempos&#8221; \u00e9 o t\u00edtulo do enredo da Unidos do Jacarezinho<br \/>\nXande de Pilares \u00e9 o homenageado da agremia\u00e7\u00e3o que est\u00e1 de volta \u00e0 Marqu\u00eas de Sapuca\u00ed<\/p>\n<p>A Unidos do Jacarezinho apresentou durante a sua feijoada neste domingo o t\u00edtulo do enredo, sinopse e identidade visual que levar\u00e1 para a Marqu\u00eas de Sapuca\u00ed no seu retorno \u00e0 passarela principal no pr\u00f3ximo carnaval. &#8220;O ar que se respira agora inspira novos tempos&#8221; \u00e9 o t\u00edtulo do tema que homenagear\u00e1 o cantor, compositor, ator e filho da comunidade, Xande de Pilares que esteve presente no evento.<\/p>\n<p>Confira a sinopse:<br \/>\nComo homenagear um dos maiores versadores do samba? Antes que me puxem a orelha, ou digam que estou puxando sardinha para um dos meus filhos pr\u00f3digos, todos sabem que nosso Xande \u00e9 um dos grandes improvisadores da nossa cultura. Ent\u00e3o, se me permitem arriscar um verso, podemos dar in\u00edcio aos trabalhos.<\/p>\n<p>\u201cFalo de um cria do Turano Que tamb\u00e9m morou no Andara\u00ed At\u00e9 parece Andarilho<br \/>\nGosta de andar por a\u00ed N\u00e3o posso esquecer de Trindade E falo dele com carinho<br \/>\nLeva o nome de Pilares Mas estourou no Jacarezinho\u201d<\/p>\n<p>Este verso n\u00e3o \u00e9 uma mera coincid\u00eancia, afinal, toda essa hist\u00f3ria se inicia no Morro do Turano. N\u00e3o apenas uma hist\u00f3ria de vida, mas tamb\u00e9m os caminhos que guiaram sua trajet\u00f3ria. Caminhos que foram preenchidos por percal\u00e7os, mas que n\u00e3o o impediram de sonhar. Fosse ao longo do tempo como entregador, auxiliar de servi\u00e7os gerais, durante os momentos que escrevia seus nomes pelas paredes e jardins, dando vaz\u00e3o \u00e0 veia art\u00edstica atrav\u00e9s de marcas que foram constantemente apagadas pelos patr\u00f5es. Ainda assim, n\u00e3o importa quantas vezes tentaram apagar seu nome, ele continuou sendo escrito e reescrito, perseverando em sua for\u00e7a de vontade, que o fez chegar onde est\u00e1. Est\u00e1, pois para Xande, o sonhador precisa continuar a sonhar, ent\u00e3o n\u00e3o existem linhas de chegada:  sempre h\u00e1 ch\u00e3o para trilhar.<\/p>\n<p>Foi no Turano que conheceu e se encantou pelos versos falados da Folia de Reis, refer\u00eancia que mais tarde se juntou ao repente de Jackson do Pandeiro e Caju &#038; Castanha, al\u00e9m do verso cantado do Cacique de Ramos, de tantas visitas com o primo Guar\u00e1, gerando seu estilo \u00fanico, afiado e marcante. De l\u00e1, encontrou rumo do Morro do Andara\u00ed, onde viu as primeiras refer\u00eancias. Seja a aproxima\u00e7\u00e3o com o universo das escolas de samba por interm\u00e9dio da Alegria da Passarela, ou pelo contato com \u00eddolos geracionais como, Geraldo Bab\u00e3o, Gaspar, Non\u00f4, Adalto Magalha e Almir Guineto.<\/p>\n<p>O fasc\u00ednio pelo samba continuou a aflorar quando novos ventos sopraram rumo \u00e0 Trindade, em S\u00e3o Gon\u00e7alo. L\u00e1, teve contato com a rivalidade entre Bo\u00eamios da Trindade e o Juazeiro do Ca\u00e7ador, abrilhantando seu encanto com os blocos de carnaval, agregando \u00e0 sua paix\u00e3o pela festa. O samba, ent\u00e3o, deixou de ser apenas a menina de seus olhos, tornando-se tamb\u00e9m ganha p\u00e3o. Ao chegar na comunidade do \u00c1guia de Ouro, o Viaduto de Pilares se transformou s\u00edmbolo da vida pendular, o atravessar de caminhos para conquistar o que era seu. Se, para um lado do viaduto estava a busca pelo p\u00e3o, do outro lado, ficavam pelo trajeto do Viaduto as l\u00e1grimas que n\u00e3o tinham lugar dentro de casa. Pilares de tantos desabafos, onde  Guar\u00e1 o nomeou Alexandre de Pilares, que depois virou apenas Xande, at\u00e9 que, com o espelho de Carlinhos, finalmente se tornou Xande de Pilares.<\/p>\n<p>A vida ganha novos destinos e novas possibilidades frente \u00e0 chegada ao Morro do Jacarezinho. O encontro com Barbeirinho, Z\u00e9 Ded\u00e3o e outros lhe rendeu inspira\u00e7\u00e3o, ainda mais obstinado a vencer. Aqui, mais do que irmanados, nos tornamos c\u00famplices. Cumplicidade na sobreviv\u00eancia e cumplicidade num sonho, que se revelava cada vez mais. N\u00e3o foi nessas ruas que ouviu pela primeira vez \u201cCompasso do Amor\u201d tocar nas r\u00e1dios? N\u00e3o foi descendo as ruas e vielas deste morro para tocar com o Revela\u00e7\u00e3o que as coisas come\u00e7aram a virar? Ent\u00e3o a celebra\u00e7\u00e3o ser\u00e1 em nosso ch\u00e3o.<\/p>\n<p>\u201cNos mist\u00e9rios do Senhor da Luz Bolou um papo na escala de F\u00e1 Desvendando um Eldorado submerso E l\u00e1 no Bixiga fez Sankofa Com os sabores do fundo do quintal<br \/>\nEm Gaia fez um alerta ao mundo inteiro Versou as senhoras do ventre ancestral<br \/>\nDe corpo fechado s\u00f3 entende quem \u00e9 Salgueiro\u201d<\/p>\n<p>Se a trilha da caminhada art\u00edstica de Xande floresceu no Jacarezinho, foi tamb\u00e9m aqui que os passos come\u00e7aram a ser trilhados para o samba-enredo. Foi frente aos mist\u00e9rios do Senhor da Luz que pela primeira vez seus versos ecoaram na sagrada avenida. Num del\u00edrio Tupi-Parintintim, a caneta inspirada musicou a jornada da Unidos de Padre Miguel para descortinar os mist\u00e9rios de um Eldorado submerso, e trespassando barreiras geogr\u00e1ficas, p\u00f4s tinta no papel para exaltar Sankofa, ecoando no Anhembi a preta batucada do Vai-Vai. Teve tamb\u00e9m o privil\u00e9gio de musicar a maior homenagem que um sambista pode receber, e rolou aquele papo que cabe na escala de f\u00e1, perfeito para o partideiro versar, para que o Imp\u00e9rio Serrano pudesse homenagear Beto Sem Bra\u00e7o. <\/p>\n<p>Mas passear pelas obras e influ\u00eancia de Xande no carnaval brasileiro, \u00e9 inevitavelmente tra\u00e7ar a rota para o Morro do Salgueiro. N\u00e3o s\u00f3 como fonte de inspira\u00e7\u00e3o, mas a verdadeira j\u00f3ia no cora\u00e7\u00e3o desse salgueirense da cabe\u00e7a aos p\u00e9s. O in\u00edcio de uma jornada tra\u00e7ada pela exalta\u00e7\u00e3o \u00e0 cria\u00e7\u00e3o do mundo por interm\u00e9dio de Olorum, trazendo um alerta ao mundo inteiro sobre a necessidade de prezar pela vida em nossas m\u00e3os, que atravessou os profundos saberes e sabores do fundo de quintal, e nos brindou com a exalta\u00e7\u00e3o da mulher negra em toda a sociedade, ventre ancestral que gerou a vida que se espraiou na Terra.<\/p>\n<p>E nos parece somente justo que, a trajet\u00f3ria daquele que emprestou n\u00e3o somente caneta mas como tamb\u00e9m voz, tenha tido como cap\u00edtulo mais recente a exalta\u00e7\u00e3o \u00e0 prote\u00e7\u00e3o espiritual. Com Ox\u00f3ssi, Oxaguian e Oxum a cuidar-lhe a cabe\u00e7a, Ogum a proteger e o povo cigano a guiar-lhe os caminhos, Xande p\u00f4de mais uma vez apresentar \u00e0 Academia do Samba o que tem de melhor, ecoando uma vez mais na Sapuca\u00ed a pot\u00eancia dos versos malandriados na escola de cora\u00e7\u00e3o.<\/p>\n<p>\u201cO ar que se respira agora inspira novos tempos Parcerias que deixam radiante o meu cora\u00e7\u00e3o Alegrias, tristezas, amores e decep\u00e7\u00f5es Emo\u00e7\u00f5es que eu senti com o grupo Revela\u00e7\u00e3o Nosso filho pr\u00f3digo Xande de Pilares Com muito orgulho eu vou te falar Voc\u00ea \u00e9 nosso enredo t\u00e1 escrito \u00c9 Deus quem aponta a estrela que tem que brilhar\u201d<\/p>\n<p>Mas na nossa realidade, trajet\u00f3rias n\u00e3o se constroem de maneira isolada. No mundo do samba, principalmente, as parcerias se tornam pontos centrais das nossas estradas, e acabam se misturando e se tornando parte de nossa pr\u00f3pria identidade. A exalta\u00e7\u00e3o \u00e0 Xande, passa tamb\u00e9m, por exaltar as grandes parcerias desenvolvidas ao longo dos anos, aqueles com quem nosso poeta desenvolveu tantas e tantas letras, e construindo um legado que desfilou pelo Pagode da Tia Gessy, Vem que Tem, Pagode dos Magnatas, Olimpo, Cacique de Ramos e tantos outros palcos que edificaram o samba na cultura popular.<\/p>\n<p>Se pensarmos nas parcerias, n\u00e3o seria surpresa que o Revela\u00e7\u00e3o merecesse um cap\u00edtulo por si s\u00f3. Aqui, n\u00e3o se trata somente da jun\u00e7\u00e3o de pessoas para construir uma can\u00e7\u00e3o, mas da conex\u00e3o de ideias que revolucionaram a hist\u00f3ria do samba. Seja por interm\u00e9dio das can\u00e7\u00f5es de pr\u00f3pria autoria, ou dando voz e vaz\u00e3o \u00e0 constru\u00e7\u00e3o po\u00e9tica de tantos outros compositores, o grupo tem protagonismo claro e evidente em meio \u00e0s parcerias que perpassam a vida de Xande. Entretanto, neste cap\u00edtulo, \u00e9 imposs\u00edvel n\u00e3o tra\u00e7ar um anexo para Mauro J\u00fanior, o colaborador mais prol\u00edfico da sua carreira enquanto compositor, exemplificando um entrosamento que superou os limites dos palcos e das rodas de samba, e foi de encontro aos telefonemas, vinhos e churrascos para ajustar versos e melodias.<\/p>\n<p>Conex\u00f5es que n\u00e3o se encerram apenas nos entornos do grupo, mas que agregam e trazem para perto de si outros irm\u00e3os de caminhada, de composi\u00e7\u00e3o, de vida. Tratar da figura de Xande de Pilares sem tratar da figura de Gilson Bernini seria como separar o arroz do feij\u00e3o, analogia que se faz n\u00e3o s\u00f3 pela combina\u00e7\u00e3o perfeita, mas pelo que a dupla nutriu o meio do samba ao longo de tantos anos de irmandade. Elo que tamb\u00e9m se mostra resistente e frut\u00edfero com Helinho do Salgueiro, autor de tantas composi\u00e7\u00f5es que afloram o sentimento e falam ao cora\u00e7\u00e3o, e grande respons\u00e1vel n\u00e3o s\u00f3 pela uni\u00e3o do Revela\u00e7\u00e3o, mas tamb\u00e9m por convencer Xande a ser o cantor do grupo. Que se mant\u00e9m forte na parceria com um \u00eddolo de tantos como Arlindo Cruz, e tamb\u00e9m mora na continuidade do legado imortal do Fundo de Quintal nas colabora\u00e7\u00f5es com Andr\u00e9 Renato, cedendo tamb\u00e9m, junto de Mois\u00e9s Santiago, caneta para que o maior grupo de samba do Brasil possa cantar.<\/p>\n<p>Ao final do dia, as letras de Xande nos afetam de forma diferente. Poesia que nos acompanha nos momentos de felicidade, de tristeza, de amor, de cora\u00e7\u00e3o partido, de retribui\u00e7\u00e3o e de agradecimento. Talvez, more naqueles que s\u00e3o seus versos mais famosos, a inspira\u00e7\u00e3o que todo sambista j\u00e1 precisou ouvir uma vez na vida, o combust\u00edvel para seguir em frente. A certeza de que, mesmo que demore um pouco, a felicidade h\u00e1 de chegar, e \u00e9 justamente por isso que n\u00e3o devemos parar de sonhar. Se at\u00e9 aqui fizemos verso e prosa aos poetas que ir\u00e3o musicar esta merecida homenagem, agora a comunidade do Jacarezinho fala para voc\u00ea.<\/p>\n<p>Quando Tia Dozinha lhe disse para engolir o choro frente \u00e0 baixa do Quartel, \u00e9 porque ela sabia que o \u201csim\u201d de Exu \u00e9 um presente, e o \u201cn\u00e3o\u201d s\u00e3o dois. Se \u00e9 Deus que aponta a estrela que tem que brilhar, Xande, ent\u00e3o n\u00e3o temos d\u00favidas que tua trajet\u00f3ria iluminada t\u00e1 escrita, atrav\u00e9s da pr\u00f3pria tinta de Deus, posta a pr\u00f3prio punho no papel para refletir tamanha jornada. E, tu que tanto cantou, se permita deixar com a gente esse cap\u00edtulo da sua jornada: Vem ser cantado pela tua gente! Hoje, o Jacarezinho canta Xande de Pilares, que tamb\u00e9m \u00e9 Xande do Jacarezinho, inspirando novos tempos para uma comunidade que transformou prata em ouro com f\u00e9 de que sua hora ia chegar.<\/p>\n<p>E chegou.<\/p>\n<p>A Unidos do Jacarezinho desfilar\u00e1 na sexta-feira de carnaval, dia 13 de fevereiro, sendo a primeira a pisar na Sapuca\u00ed. O enredo ser\u00e1 desenvolvido pelo carnavalesco Bruno Oliveira e a sinopse \u00e9 assinada pelo enredista Jo\u00e3o Luiz Silveira.<\/p>\n<p>Logo: Marcos Paulo<\/p>\n","protected":false},"excerpt":{"rendered":"<p>&#8220;O ar que se respira agora inspira novos tempos&#8221; \u00e9 o t\u00edtulo do enredo da Unidos do Jacarezinho Xande de Pilares \u00e9 o homenageado da agremia\u00e7\u00e3o que est\u00e1 de volta \u00e0 Marqu\u00eas de Sapuca\u00ed A Unidos do Jacarezinho apresentou durante a sua feijoada neste domingo o t\u00edtulo do enredo, sinopse e identidade visual que levar\u00e1 [&hellip;]<\/p>\n","protected":false},"author":1,"featured_media":3234,"comment_status":"closed","ping_status":"closed","sticky":false,"template":"","format":"standard","meta":{"footnotes":""},"categories":[13],"tags":[],"class_list":["post-3233","post","type-post","status-publish","format-standard","has-post-thumbnail","hentry","category-fashion"],"_links":{"self":[{"href":"https:\/\/mundodocarnaval.com.br\/pt_br\/wp-json\/wp\/v2\/posts\/3233","targetHints":{"allow":["GET"]}}],"collection":[{"href":"https:\/\/mundodocarnaval.com.br\/pt_br\/wp-json\/wp\/v2\/posts"}],"about":[{"href":"https:\/\/mundodocarnaval.com.br\/pt_br\/wp-json\/wp\/v2\/types\/post"}],"author":[{"embeddable":true,"href":"https:\/\/mundodocarnaval.com.br\/pt_br\/wp-json\/wp\/v2\/users\/1"}],"replies":[{"embeddable":true,"href":"https:\/\/mundodocarnaval.com.br\/pt_br\/wp-json\/wp\/v2\/comments?post=3233"}],"version-history":[{"count":1,"href":"https:\/\/mundodocarnaval.com.br\/pt_br\/wp-json\/wp\/v2\/posts\/3233\/revisions"}],"predecessor-version":[{"id":3235,"href":"https:\/\/mundodocarnaval.com.br\/pt_br\/wp-json\/wp\/v2\/posts\/3233\/revisions\/3235"}],"wp:featuredmedia":[{"embeddable":true,"href":"https:\/\/mundodocarnaval.com.br\/pt_br\/wp-json\/wp\/v2\/media\/3234"}],"wp:attachment":[{"href":"https:\/\/mundodocarnaval.com.br\/pt_br\/wp-json\/wp\/v2\/media?parent=3233"}],"wp:term":[{"taxonomy":"category","embeddable":true,"href":"https:\/\/mundodocarnaval.com.br\/pt_br\/wp-json\/wp\/v2\/categories?post=3233"},{"taxonomy":"post_tag","embeddable":true,"href":"https:\/\/mundodocarnaval.com.br\/pt_br\/wp-json\/wp\/v2\/tags?post=3233"}],"curies":[{"name":"wp","href":"https:\/\/api.w.org\/{rel}","templated":true}]}}