{"id":3236,"date":"2025-07-31T12:48:32","date_gmt":"2025-07-31T15:48:32","guid":{"rendered":"https:\/\/mundodocarnaval.com.br\/?p=3236"},"modified":"2025-07-31T12:48:32","modified_gmt":"2025-07-31T15:48:32","slug":"cacique-de-ramos-oficializa-nova-diretoria-sob-lideranca-de-karla-marcely","status":"publish","type":"post","link":"https:\/\/mundodocarnaval.com.br\/pt_br\/cacique-de-ramos-oficializa-nova-diretoria-sob-lideranca-de-karla-marcely\/","title":{"rendered":"Cacique de Ramos oficializa nova diretoria sob lideran\u00e7a de Karla Marcely"},"content":{"rendered":"<p>Cacique de Ramos oficializa nova diretoria sob lideran\u00e7a de Karla Marcely<\/p>\n<p>M\u00e1rcio Nascimento \u00e9 o vice-presidente e Cristhian Kelly a diretora geral. A forma\u00e7\u00e3o marca o in\u00edcio de uma nova etapa administrativa, baseada na sucess\u00e3o interna e na manuten\u00e7\u00e3o do n\u00facleo institucional estruturado por Bira Presidente.<\/p>\n<p>Desde julho de 2025, o Cacique de Ramos passa a contar com nova presid\u00eancia. Karla Marcely F\u00e9lix do Nascimento, 56 anos, pedagoga com experi\u00eancia reconhecida na \u00e1rea educacional e administrativa, assume o comando da institui\u00e7\u00e3o. A mudan\u00e7a d\u00e1 sequ\u00eancia a uma condu\u00e7\u00e3o iniciada h\u00e1 sete anos, quando Karla, seu cunhado M\u00e1rcio Nascimento e sua irm\u00e3 Cristhian Kelly Felix do Nascimento passaram a atuar de forma permanente na administra\u00e7\u00e3o do Cacique.<\/p>\n<p>O Cacique Maior, Bira Presidente, fundador e agora homenageado como presidente de honra do Cacique de Ramos, deixou uma condu\u00e7\u00e3o marcada pela firmeza, pelo senso de responsabilidade e pela capacidade de reunir ao seu redor pessoas de seu apre\u00e7o e de grande potencial ao longo de d\u00e9cadas. Sua lideran\u00e7a foi constru\u00edda com disciplina e generosidade, sustentando a institui\u00e7\u00e3o em diferentes contextos culturais e sociais. Sob sua orienta\u00e7\u00e3o, o Cacique consolidou uma estrutura interna est\u00e1vel, com diretrizes claras de gest\u00e3o e perman\u00eancia. O legado de Bira n\u00e3o se limita ao reconhecimento p\u00fablico, mas se manifesta no corpo institucional que ajudou a formar, preservando valores e assegurando a continuidade da entidade com base na confian\u00e7a, no crit\u00e9rio e na prepara\u00e7\u00e3o de novas lideran\u00e7as.<\/p>\n<p>Nos \u00faltimos anos, em raz\u00e3o do estado de sa\u00fade de seu pai, Karla se afastou das fun\u00e7\u00f5es administrativas para acompanhar de perto os cuidados e assegurar sua presen\u00e7a ao lado da fam\u00edlia at\u00e9 o momento da despedida. Durante esse per\u00edodo, a gest\u00e3o executiva ficou sob responsabilidade direta de M\u00e1rcio Nascimento e Cristhian Kelly, que conduziram a organiza\u00e7\u00e3o interna com equil\u00edbrio e resultado. Foram deles as a\u00e7\u00f5es que ampliaram as possibilidades de trabalho no Cacique, como a estrutura\u00e7\u00e3o do Elenco Show e a cria\u00e7\u00e3o de tr\u00eas grupos fixos de roda de samba, hoje presentes em diversas agendas da casa e fora dela.<\/p>\n<p>M\u00e1rcio Nascimento, 50 anos, administrador financeiro com p\u00f3s-gradua\u00e7\u00e3o em Gest\u00e3o e Doc\u00eancia para o Ensino Superior e especializa\u00e7\u00e3o em Gest\u00e3o de Pessoas e Processos, ocupa agora a vice-presid\u00eancia. J\u00e1 Kelly, 51 anos, pedagoga com p\u00f3s-gradua\u00e7\u00e3o em Psicopedagogia, assume o cargo de diretora geral. A defini\u00e7\u00e3o dos nomes mant\u00e9m uma estrutura articulada, respaldada por conhecimento t\u00e9cnico, v\u00ednculo institucional e dedica\u00e7\u00e3o conjunta \u00e0 condu\u00e7\u00e3o da entidade.<\/p>\n<p>A nova configura\u00e7\u00e3o preserva a Diretoria de Ouro, corpo deliberativo e de sustenta\u00e7\u00e3o formado por Andr\u00e9 Cezari, Brian Nascimento, Fernando Jos\u00e9, M\u00e1rcio Lopes, Monica Rocha, Nayra Cezari, Paulinho, Ronaldo Felipe, Sidney Machado (Chopp), Teteu Jos\u00e9, Walter Pereira, Walter Pereira Junior, Willian Thorpe, Yan Nascimento. Yan e Brian representam a terceira gera\u00e7\u00e3o envolvida com a administra\u00e7\u00e3o do Cacique. Yan \u00e9 filho da presidente Karla Marcely. Brian \u00e9 filho de Kelly e do vice-presidente M\u00e1rcio Nascimento.<\/p>\n<p>A fotografia oficial da nova diretoria ser\u00e1 realizada em agosto, na sede do Cacique de Ramos, como registro institucional deste novo ciclo.<\/p>\n<p>O novo momento se apoia em decis\u00f5es acumuladas, processos internos organizados e di\u00e1logo permanente com os \u00f3rg\u00e3os p\u00fablicos e culturais. A transi\u00e7\u00e3o atual preserva os crit\u00e9rios adotados nos \u00faltimos anos e o papel da fam\u00edlia Nascimento na condu\u00e7\u00e3o estrat\u00e9gica da casa. A presen\u00e7a da nova presidente, do vice-presidente e da diretora geral foi constru\u00edda de acordo com as decis\u00f5es do Cacique e com o tempo da institui\u00e7\u00e3o.<\/p>\n<p>As frentes de a\u00e7\u00e3o seguem voltadas ao engajamento com os que vieram antes e os que vir\u00e3o, \u00e0 salvaguarda do patrim\u00f4nio e \u00e0 interlocu\u00e7\u00e3o institucional com \u00f3rg\u00e3os e entidades, entre eles Riotur, LIESA, a Prefeitura do Rio, por meio da Secretaria Municipal de Cultura e da Secretaria Municipal de Educa\u00e7\u00e3o, e o Governo do Estado. N\u00e3o \u00e0 toa, o bloco foi reconhecido como Patrim\u00f4nio do Povo Carioca pela Prefeitura e como Patrim\u00f4nio Imaterial, Hist\u00f3rico e Cultural pelo Estado. No conjunto de diretrizes que orientam a atual gest\u00e3o est\u00e3o a sustentabilidade financeira, o cuidado com a pol\u00edtica de mem\u00f3ria e a presen\u00e7a respons\u00e1vel do Cacique de Ramos na cultura da cidade.<\/p>\n<p>A presid\u00eancia de Karla Marcely se estabelece em alinhamento com o legado de Bira Presidente e com a estrutura administrativa vigente, em respeito \u00e0 hist\u00f3ria, ao tempo e \u00e0 perman\u00eancia de um modelo que tem no crit\u00e9rio e na continuidade seus principais fundamentos. Sem esquecer os princ\u00edpios ancestrais que nortearam a institui\u00e7\u00e3o at\u00e9 aqui.<\/p>\n<p>Aqueles que aqui entrarem de cora\u00e7\u00e3o puro colher\u00e3o frutos. Esta sempre foi a m\u00e1xima da casa e ser\u00e1 mantida como os guardi\u00f5es que a protegeram nestes quase 65 anos.<\/p>\n<p>Em 2026, o Cacique de Ramos ter\u00e1 como tema: Bira Presidente \u2013 O Show Tem Que Continuar!<\/p>\n","protected":false},"excerpt":{"rendered":"<p>Cacique de Ramos oficializa nova diretoria sob lideran\u00e7a de Karla Marcely M\u00e1rcio Nascimento \u00e9 o vice-presidente e Cristhian Kelly a diretora geral. A forma\u00e7\u00e3o marca o in\u00edcio de uma nova etapa administrativa, baseada na sucess\u00e3o interna e na manuten\u00e7\u00e3o do n\u00facleo institucional estruturado por Bira Presidente. Desde julho de 2025, o Cacique de Ramos passa [&hellip;]<\/p>\n","protected":false},"author":1,"featured_media":3237,"comment_status":"closed","ping_status":"closed","sticky":false,"template":"","format":"standard","meta":{"footnotes":""},"categories":[11],"tags":[],"class_list":["post-3236","post","type-post","status-publish","format-standard","has-post-thumbnail","hentry","category-noticias"],"_links":{"self":[{"href":"https:\/\/mundodocarnaval.com.br\/pt_br\/wp-json\/wp\/v2\/posts\/3236","targetHints":{"allow":["GET"]}}],"collection":[{"href":"https:\/\/mundodocarnaval.com.br\/pt_br\/wp-json\/wp\/v2\/posts"}],"about":[{"href":"https:\/\/mundodocarnaval.com.br\/pt_br\/wp-json\/wp\/v2\/types\/post"}],"author":[{"embeddable":true,"href":"https:\/\/mundodocarnaval.com.br\/pt_br\/wp-json\/wp\/v2\/users\/1"}],"replies":[{"embeddable":true,"href":"https:\/\/mundodocarnaval.com.br\/pt_br\/wp-json\/wp\/v2\/comments?post=3236"}],"version-history":[{"count":1,"href":"https:\/\/mundodocarnaval.com.br\/pt_br\/wp-json\/wp\/v2\/posts\/3236\/revisions"}],"predecessor-version":[{"id":3238,"href":"https:\/\/mundodocarnaval.com.br\/pt_br\/wp-json\/wp\/v2\/posts\/3236\/revisions\/3238"}],"wp:featuredmedia":[{"embeddable":true,"href":"https:\/\/mundodocarnaval.com.br\/pt_br\/wp-json\/wp\/v2\/media\/3237"}],"wp:attachment":[{"href":"https:\/\/mundodocarnaval.com.br\/pt_br\/wp-json\/wp\/v2\/media?parent=3236"}],"wp:term":[{"taxonomy":"category","embeddable":true,"href":"https:\/\/mundodocarnaval.com.br\/pt_br\/wp-json\/wp\/v2\/categories?post=3236"},{"taxonomy":"post_tag","embeddable":true,"href":"https:\/\/mundodocarnaval.com.br\/pt_br\/wp-json\/wp\/v2\/tags?post=3236"}],"curies":[{"name":"wp","href":"https:\/\/api.w.org\/{rel}","templated":true}]}}