{"id":3239,"date":"2025-07-31T12:55:54","date_gmt":"2025-07-31T15:55:54","guid":{"rendered":"https:\/\/mundodocarnaval.com.br\/?p=3239"},"modified":"2025-07-31T12:55:54","modified_gmt":"2025-07-31T15:55:54","slug":"salgueiro-inicia-disputa-de-samba-enredo-para-o-carnaval-2026-neste-sabado-2-de-agosto","status":"publish","type":"post","link":"https:\/\/mundodocarnaval.com.br\/pt_br\/salgueiro-inicia-disputa-de-samba-enredo-para-o-carnaval-2026-neste-sabado-2-de-agosto\/","title":{"rendered":"Salgueiro inicia disputa de samba-enredo para o Carnaval 2026 neste s\u00e1bado, 2 de agosto"},"content":{"rendered":"<p>Salgueiro inicia disputa de samba-enredo para o Carnaval 2026 neste s\u00e1bado, 2 de agosto<\/p>\n<p>A temporada de samba no GRES Acad\u00eamicos do Salgueiro come\u00e7a neste s\u00e1bado, 2 de agosto, com a primeira eliminat\u00f3ria da disputa de samba-enredo para o Carnaval 2026. O evento marca o in\u00edcio da caminhada rumo \u00e0 Marqu\u00eas de Sapuca\u00ed com a apresenta\u00e7\u00e3o dos sambas da Chave Vermelha.<\/p>\n<p>A quadra do Salgueiro abre suas portas \u00e0s 20h30, com o tradicional espet\u00e1culo da Academia do Samba: carro de som, Bateria Furiosa, casal de mestre-sala e porta-bandeira, passistas, ala de maculel\u00ea, baianas e velha guarda.<\/p>\n<p>Para quem estiver distante, a eliminat\u00f3ria ser\u00e1 transmitida ao vivo pelo canal Salgueiro TV no YouTube, a partir das 23h. <\/p>\n<p>A grande final da disputa est\u00e1 marcada para o dia 27 de setembro, s\u00e1bado, quando ser\u00e1 conhecido o hino oficial do Salgueiro para o pr\u00f3ximo Carnaval.<\/p>\n<p>CARNAVAL 2026<br \/>\nNo pr\u00f3ximo desfile, o Salgueiro levar\u00e1 para a avenida o enredo \u201cA delirante jornada carnavalesca da professora que n\u00e3o tinha medo de bruxa, de bacalhau e nem do pirata da perna-de-pau\u201d, uma homenagem \u00e0 eterna carnavalesca Rosa Magalh\u00e3es, a maior campe\u00e3 da Sapuca\u00ed.<\/p>\n<p>Assinado por Jorge Silveira, em parceria com o curador Leonardo Antan, o enredo prop\u00f5e um cortejo l\u00fadico inspirado no universo criativo de Rosa, com passagens por bibliotecas encantadas, reinos imagin\u00e1rios e personagens dos contos de fadas, da mitologia e do folclore brasileiro.<\/p>\n<p>O Salgueiro encerrar\u00e1 os desfiles do Grupo Especial na ter\u00e7a-feira de Carnaval, dia 17 de fevereiro de 2026, fechando com chave de ouro a \u00faltima noite da folia na Marqu\u00eas de Sapuca\u00ed.<\/p>\n<p>SERVI\u00c7O<br \/>\nDisputa de Samba-Enredo 2026 \u2013 Chave Vermelha<br \/>\n\ud83d\udcc5 S\u00e1bado, 2 de agosto<br \/>\n\u23f0 Abertura da quadra: 20h30 | Transmiss\u00e3o: 23h no YouTube (Salgueiro TV)<br \/>\n\ud83d\udccd Rua Silva Teles, 104 \u2013 Andara\u00ed, Rio de Janeiro<br \/>\n\ud83c\udf9f\ufe0f Ingressos \u00e0 venda no Guich\u00ea Web<\/p>\n<p>VALORES \u2013 1\u00ba LOTE<br \/>\n\u2022 Pista: R$ 30,00<br \/>\n\u2022 Jirau: R$ 50,00<br \/>\n\u2022 Mesa (4 pessoas, com ingresso): R$ 150,00<br \/>\n\u2022 Camarote Lateral (12 pessoas): R$ 700,00<br \/>\n\u2022 Camarote Frontal (12 pessoas): R$ 900,00<\/p>\n<p>Foto: Anderson Borde<\/p>\n","protected":false},"excerpt":{"rendered":"<p>Salgueiro inicia disputa de samba-enredo para o Carnaval 2026 neste s\u00e1bado, 2 de agosto A temporada de samba no GRES Acad\u00eamicos do Salgueiro come\u00e7a neste s\u00e1bado, 2 de agosto, com a primeira eliminat\u00f3ria da disputa de samba-enredo para o Carnaval 2026. O evento marca o in\u00edcio da caminhada rumo \u00e0 Marqu\u00eas de Sapuca\u00ed com a [&hellip;]<\/p>\n","protected":false},"author":1,"featured_media":3240,"comment_status":"closed","ping_status":"closed","sticky":false,"template":"","format":"standard","meta":{"footnotes":""},"categories":[12],"tags":[],"class_list":["post-3239","post","type-post","status-publish","format-standard","has-post-thumbnail","hentry","category-grupo-especial"],"_links":{"self":[{"href":"https:\/\/mundodocarnaval.com.br\/pt_br\/wp-json\/wp\/v2\/posts\/3239","targetHints":{"allow":["GET"]}}],"collection":[{"href":"https:\/\/mundodocarnaval.com.br\/pt_br\/wp-json\/wp\/v2\/posts"}],"about":[{"href":"https:\/\/mundodocarnaval.com.br\/pt_br\/wp-json\/wp\/v2\/types\/post"}],"author":[{"embeddable":true,"href":"https:\/\/mundodocarnaval.com.br\/pt_br\/wp-json\/wp\/v2\/users\/1"}],"replies":[{"embeddable":true,"href":"https:\/\/mundodocarnaval.com.br\/pt_br\/wp-json\/wp\/v2\/comments?post=3239"}],"version-history":[{"count":1,"href":"https:\/\/mundodocarnaval.com.br\/pt_br\/wp-json\/wp\/v2\/posts\/3239\/revisions"}],"predecessor-version":[{"id":3241,"href":"https:\/\/mundodocarnaval.com.br\/pt_br\/wp-json\/wp\/v2\/posts\/3239\/revisions\/3241"}],"wp:featuredmedia":[{"embeddable":true,"href":"https:\/\/mundodocarnaval.com.br\/pt_br\/wp-json\/wp\/v2\/media\/3240"}],"wp:attachment":[{"href":"https:\/\/mundodocarnaval.com.br\/pt_br\/wp-json\/wp\/v2\/media?parent=3239"}],"wp:term":[{"taxonomy":"category","embeddable":true,"href":"https:\/\/mundodocarnaval.com.br\/pt_br\/wp-json\/wp\/v2\/categories?post=3239"},{"taxonomy":"post_tag","embeddable":true,"href":"https:\/\/mundodocarnaval.com.br\/pt_br\/wp-json\/wp\/v2\/tags?post=3239"}],"curies":[{"name":"wp","href":"https:\/\/api.w.org\/{rel}","templated":true}]}}