{"id":3245,"date":"2025-07-31T13:17:07","date_gmt":"2025-07-31T16:17:07","guid":{"rendered":"https:\/\/mundodocarnaval.com.br\/?p=3245"},"modified":"2025-07-31T13:17:07","modified_gmt":"2025-07-31T16:17:07","slug":"unidos-de-vila-isabel-anuncia-concurso-para-escolher-nova-musa-da-comunidade-para-o-carnaval-2026","status":"publish","type":"post","link":"https:\/\/mundodocarnaval.com.br\/pt_br\/unidos-de-vila-isabel-anuncia-concurso-para-escolher-nova-musa-da-comunidade-para-o-carnaval-2026\/","title":{"rendered":"Unidos de Vila Isabel anuncia concurso para escolher nova musa da comunidade para o Carnaval 2026"},"content":{"rendered":"<p>(Cr\u00e9ditos: Divulga\u00e7\u00e3o\/Vila Isabel)<\/p>\n<p>Unidos de Vila Isabel anuncia concurso para escolher nova musa da comunidade para o Carnaval 2026<\/p>\n<p>A Unidos de Vila Isabel anunciou nesta ter\u00e7a-feira (29) a realiza\u00e7\u00e3o de um concurso para escolher a nova musa da comunidade para o Carnaval 2026. As candidatas se apresentar\u00e3o durante as eliminat\u00f3rias da disputa de samba-enredo e a vencedora ser\u00e1 revelada na grande final, marcada para 12 de setembro, na quadra da agremia\u00e7\u00e3o.<\/p>\n<p>A iniciativa integra um conjunto de a\u00e7\u00f5es em curso que visam resgatar as ra\u00edzes da agremia\u00e7\u00e3o e fortalecer os v\u00ednculos com a comunidade. O objetivo \u00e9 reconhecer os talentos do ch\u00e3o da escola, oferecendo oportunidades de destaque a quem contribui ativamente para a constru\u00e7\u00e3o dos desfiles. <\/p>\n<p>Em breve, a escola divulgar\u00e1 a data de inscri\u00e7\u00e3o e o regulamento do concurso.<\/p>\n<p>Em nota, a azul e branco de Noel agradeceu \u00e0 musa da comunidade P\u00e9rolla Santos e \u00e0s musas da ala de passistas Anna Karolina e Dandara Barreto pela dedica\u00e7\u00e3o e contribui\u00e7\u00e3o prestadas ao longo dos \u00faltimos tr\u00eas anos. A agremia\u00e7\u00e3o informou que, inicialmente, a fun\u00e7\u00e3o teria dura\u00e7\u00e3o de um ano, mas o desempenho e o comprometimento das representantes levaram \u00e0 amplia\u00e7\u00e3o desse per\u00edodo.<\/p>\n<p>\u201cElas ocuparam brilhantemente o cargo durante esse per\u00edodo. Agora, entendemos que \u00e9 o momento de encerrar esse ciclo para que novas meninas da comunidade tamb\u00e9m possam ser vistas, reconhecidas e valorizadas\u201d, explicou o presidente da agremia\u00e7\u00e3o, Luiz Guimar\u00e3es.<\/p>\n<p>A Vila Isabel ainda reafirmou o orgulho de fazer parte da trajet\u00f3ria dessas sambistas e desejou sucesso em seus pr\u00f3ximos passos.<\/p>\n<p>Segunda escola a desfilar na ter\u00e7a-feira de Carnaval, a Vila Isabel apresentar\u00e1 \u201cMacumbemb\u00ea, Samboremb\u00e1: Sonhei que um Sambista Sonhou a \u00c1frica\u201d. O enredo parte de um olhar on\u00edrico para homenagear o multiartista Heitor dos Prazeres, a quem \u00e9 atribu\u00edda a cria\u00e7\u00e3o dos termos &#8220;Pequena \u00c1frica&#8221; e &#8220;\u00c1frica em miniatura&#8221; para se referir \u00e0 regi\u00e3o da antiga Pra\u00e7a Onze. O tema ser\u00e1 desenvolvido pela dupla de carnavalescos Gabriel Haddad e Leonardo Bora.<\/p>\n","protected":false},"excerpt":{"rendered":"<p>(Cr\u00e9ditos: Divulga\u00e7\u00e3o\/Vila Isabel) Unidos de Vila Isabel anuncia concurso para escolher nova musa da comunidade para o Carnaval 2026 A Unidos de Vila Isabel anunciou nesta ter\u00e7a-feira (29) a realiza\u00e7\u00e3o de um concurso para escolher a nova musa da comunidade para o Carnaval 2026. As candidatas se apresentar\u00e3o durante as eliminat\u00f3rias da disputa de samba-enredo [&hellip;]<\/p>\n","protected":false},"author":1,"featured_media":3246,"comment_status":"closed","ping_status":"closed","sticky":false,"template":"","format":"standard","meta":{"footnotes":""},"categories":[11],"tags":[],"class_list":["post-3245","post","type-post","status-publish","format-standard","has-post-thumbnail","hentry","category-noticias"],"_links":{"self":[{"href":"https:\/\/mundodocarnaval.com.br\/pt_br\/wp-json\/wp\/v2\/posts\/3245","targetHints":{"allow":["GET"]}}],"collection":[{"href":"https:\/\/mundodocarnaval.com.br\/pt_br\/wp-json\/wp\/v2\/posts"}],"about":[{"href":"https:\/\/mundodocarnaval.com.br\/pt_br\/wp-json\/wp\/v2\/types\/post"}],"author":[{"embeddable":true,"href":"https:\/\/mundodocarnaval.com.br\/pt_br\/wp-json\/wp\/v2\/users\/1"}],"replies":[{"embeddable":true,"href":"https:\/\/mundodocarnaval.com.br\/pt_br\/wp-json\/wp\/v2\/comments?post=3245"}],"version-history":[{"count":1,"href":"https:\/\/mundodocarnaval.com.br\/pt_br\/wp-json\/wp\/v2\/posts\/3245\/revisions"}],"predecessor-version":[{"id":3247,"href":"https:\/\/mundodocarnaval.com.br\/pt_br\/wp-json\/wp\/v2\/posts\/3245\/revisions\/3247"}],"wp:featuredmedia":[{"embeddable":true,"href":"https:\/\/mundodocarnaval.com.br\/pt_br\/wp-json\/wp\/v2\/media\/3246"}],"wp:attachment":[{"href":"https:\/\/mundodocarnaval.com.br\/pt_br\/wp-json\/wp\/v2\/media?parent=3245"}],"wp:term":[{"taxonomy":"category","embeddable":true,"href":"https:\/\/mundodocarnaval.com.br\/pt_br\/wp-json\/wp\/v2\/categories?post=3245"},{"taxonomy":"post_tag","embeddable":true,"href":"https:\/\/mundodocarnaval.com.br\/pt_br\/wp-json\/wp\/v2\/tags?post=3245"}],"curies":[{"name":"wp","href":"https:\/\/api.w.org\/{rel}","templated":true}]}}