{"id":3248,"date":"2025-07-31T13:25:24","date_gmt":"2025-07-31T16:25:24","guid":{"rendered":"https:\/\/mundodocarnaval.com.br\/?p=3248"},"modified":"2025-07-31T15:55:53","modified_gmt":"2025-07-31T18:55:53","slug":"conheca-o-samba-enredo-da-novo-imperio-para-o-carnaval","status":"publish","type":"post","link":"https:\/\/mundodocarnaval.com.br\/pt_br\/conheca-o-samba-enredo-da-novo-imperio-para-o-carnaval\/","title":{"rendered":"Conhe\u00e7a o samba-enredo da Novo Imp\u00e9rio para o carnaval"},"content":{"rendered":"<p>Conhe\u00e7a o samba-enredo da Novo Imp\u00e9rio para o carnaval 2026<\/p>\n<p>A Novo Imp\u00e9rio divulgou o seu samba-enredo para o carnaval de 2026. A obra encomendada \u00e9 assinada pelos compositores Chic\u00e3o do Cavaco, Fagundinho,Jorge feij\u00e3o ,Silvana Aleixo, Sidinho da Cu\u00edca Pernambuco, Rog\u00e9rio M\u00e1ximo e Madalena  e embalar\u00e1 o enredo \u201cNo canto sagrado dos paj\u00e9s e curandeiros: A cura que brota da floresta\u201d, desenvolvido pelos carnavalescos Elvis Luiz e Alex Santiago. <\/p>\n<p>O samba-enredo ser\u00e1 apresentado oficialmente no dia 7 de setembro, durante a festa em celebra\u00e7\u00e3o ao anivers\u00e1rio da agremia\u00e7\u00e3o. Vice-campe\u00e3 do Grupo de Avalia\u00e7\u00e3o em 2025, a Novo Imp\u00e9rio estrear\u00e1 na S\u00e9rie Bronze sendo a oitava escola a desfilar no s\u00e1bado, dia 21 de fevereiro.<\/p>\n<p>Conhe\u00e7a a letra<\/p>\n<p>COM AS BEN\u00c7\u00c3OS DOS PAJ\u00c9S E CURANDEIROS<br \/>\nP\u00c1SSAROS GORJEIAM NAS MATAS<br \/>\n\u00c1RVORES  DAN\u00c7ANDO NO BAILAR DAS CASCATAS<br \/>\nCOME\u00c7A O SASSAYIN , CURANDO FERIDAS<br \/>\nPERFUMANDO A  VIDA, COM CHEIRO DE BENJOIM<br \/>\nEIY\u00ca VOOU, \u00d4 \u00d4 \u00d4 ! ARONI PULOU, NUMA PERNA S\u00d3<br \/>\n\u00d3 SENHOR DAS  FOLHAS! GUIAI  AS ESCOLHAS TENHA D\u00d3!<\/p>\n<p>VOV\u00d4 ENSINOU! BANHO DE AB\u00d4<br \/>\nA BENGALA DO VELHO QUEBRA MANDINGA<br \/>\nSE JUNTA CABOCLO, OK\u00ca, AR\u00d4!<br \/>\nCURANDEIRO DA ANTIGA<\/p>\n<p>A FLORESTA GUARDA O SEGREDO<br \/>\nFINDA O MEDO, SENHOR REI DA MAGIA<br \/>\nMACERA AS ERVAS, ELIMINA A EPIDEMIA<br \/>\nCOM PLANTAS MEDICINAIS, DOS NOSSOS ANCESTRAIS<br \/>\nVAI MEU SAMBA, EXALAR O AROMA DAS FLORES<br \/>\nCURAR OS DISSABORES<br \/>\nSEMENTES PARA A VIDA FLORESCER<br \/>\nA NOVO IMP\u00c9RIO TRAZ DO VENTRE DO Ay\u00ea&#8230;<br \/>\nSARAV\u00c1! ATOT\u00d4, OBALUA\u00ca!<\/p>\n<p>OK\u00ca, OK\u00ca! OK\u00ca, AR\u00d4! OX\u00d3SSI \u00c9 CA\u00c7ADOR<br \/>\nO GUARDI\u00c3O E REI DAS MATAS<br \/>\nPE\u00c7O LICEN\u00c7A, \u00d3 JUREM\u00c1!<br \/>\nABRE OS CAMINHOS PRA MINHA ESCOLA PASSAR<br \/>\nCABOCLA, FILHA DE TUPINAMB\u00c1!<\/p>\n<p>Foto: Beatriz Gimenes | Riotur<\/p>\n\n\n\n\n\n\n\n\n\n\n\n\n\n\n\n\n\n\n\n\n\n\n\n\n\n\n\n\n\n\n\n\n\n\n<figure class=\"wp-block-audio\"><audio controls src=\"https:\/\/mundodocarnaval.com.br\/wp-content\/uploads\/2025\/07\/Novo-Imperio.mp3\"><\/audio><\/figure>\n","protected":false},"excerpt":{"rendered":"<p>Conhe\u00e7a o samba-enredo da Novo Imp\u00e9rio para o carnaval 2026 A Novo Imp\u00e9rio divulgou o seu samba-enredo para o carnaval de 2026. A obra encomendada \u00e9 assinada pelos compositores Chic\u00e3o do Cavaco, Fagundinho,Jorge feij\u00e3o ,Silvana Aleixo, Sidinho da Cu\u00edca Pernambuco, Rog\u00e9rio M\u00e1ximo e Madalena e embalar\u00e1 o enredo \u201cNo canto sagrado dos paj\u00e9s e curandeiros: [&hellip;]<\/p>\n","protected":false},"author":1,"featured_media":3249,"comment_status":"closed","ping_status":"closed","sticky":false,"template":"","format":"standard","meta":{"footnotes":""},"categories":[14],"tags":[],"class_list":["post-3248","post","type-post","status-publish","format-standard","has-post-thumbnail","hentry","category-gadgets"],"_links":{"self":[{"href":"https:\/\/mundodocarnaval.com.br\/pt_br\/wp-json\/wp\/v2\/posts\/3248","targetHints":{"allow":["GET"]}}],"collection":[{"href":"https:\/\/mundodocarnaval.com.br\/pt_br\/wp-json\/wp\/v2\/posts"}],"about":[{"href":"https:\/\/mundodocarnaval.com.br\/pt_br\/wp-json\/wp\/v2\/types\/post"}],"author":[{"embeddable":true,"href":"https:\/\/mundodocarnaval.com.br\/pt_br\/wp-json\/wp\/v2\/users\/1"}],"replies":[{"embeddable":true,"href":"https:\/\/mundodocarnaval.com.br\/pt_br\/wp-json\/wp\/v2\/comments?post=3248"}],"version-history":[{"count":1,"href":"https:\/\/mundodocarnaval.com.br\/pt_br\/wp-json\/wp\/v2\/posts\/3248\/revisions"}],"predecessor-version":[{"id":3251,"href":"https:\/\/mundodocarnaval.com.br\/pt_br\/wp-json\/wp\/v2\/posts\/3248\/revisions\/3251"}],"wp:featuredmedia":[{"embeddable":true,"href":"https:\/\/mundodocarnaval.com.br\/pt_br\/wp-json\/wp\/v2\/media\/3249"}],"wp:attachment":[{"href":"https:\/\/mundodocarnaval.com.br\/pt_br\/wp-json\/wp\/v2\/media?parent=3248"}],"wp:term":[{"taxonomy":"category","embeddable":true,"href":"https:\/\/mundodocarnaval.com.br\/pt_br\/wp-json\/wp\/v2\/categories?post=3248"},{"taxonomy":"post_tag","embeddable":true,"href":"https:\/\/mundodocarnaval.com.br\/pt_br\/wp-json\/wp\/v2\/tags?post=3248"}],"curies":[{"name":"wp","href":"https:\/\/api.w.org\/{rel}","templated":true}]}}