{"id":3252,"date":"2025-07-31T15:01:05","date_gmt":"2025-07-31T18:01:05","guid":{"rendered":"https:\/\/mundodocarnaval.com.br\/?p=3252"},"modified":"2025-07-31T15:19:46","modified_gmt":"2025-07-31T18:19:46","slug":"uniao-de-marica-recebe-13-sambas-para-disputa-rumo-ao-carnaval","status":"publish","type":"post","link":"https:\/\/mundodocarnaval.com.br\/pt_br\/uniao-de-marica-recebe-13-sambas-para-disputa-rumo-ao-carnaval\/","title":{"rendered":"Uni\u00e3o de Maric\u00e1 recebe 13 sambas para disputa rumo ao Carnaval 2026"},"content":{"rendered":"<p>Uni\u00e3o de Maric\u00e1 recebe 13 sambas para disputa rumo ao Carnaval 2026<br \/>\nConcurso que vai definir o hino do enredo \u201cBerenguend\u00e9ns e Balangand\u00e3s\u201d come\u00e7a sexta-feira (1); vencedor ganhar\u00e1 R$ 100 mil<\/p>\n<p>A Uni\u00e3o de Maric\u00e1 realizou, na noite desta ter\u00e7a-feira (29), as inscri\u00e7\u00f5es para o concurso de samba que definir\u00e1 o hino oficial da escola para o Carnaval 2026. Ao todo, 13 composi\u00e7\u00f5es foram entregues na quadra da agremia\u00e7\u00e3o, no Centro da cidade, marcando o in\u00edcio da temporada de disputa para o enredo \u201cBerenguend\u00e9ns e Balangand\u00e3s\u201d, desenvolvido pelo carnavalesco Leandro Vieira.<\/p>\n<p>O concurso ter\u00e1 in\u00edcio na pr\u00f3xima sexta-feira (1\u00ba), com a apresenta\u00e7\u00e3o de todas as obras inscritas, sem cortes, na quadra da escola. A entrada \u00e9 gratuita. Ao longo do m\u00eas, a disputa seguir\u00e1 com audi\u00e7\u00f5es internas e apresenta\u00e7\u00f5es eliminat\u00f3rias, culminando na grande final no dia 29 de agosto. O samba vencedor receber\u00e1 um pr\u00eamio de R$ 100 mil, o maior j\u00e1 concedido pela agremia\u00e7\u00e3o.<\/p>\n<p>As composi\u00e7\u00f5es concorrentes est\u00e3o dispon\u00edveis para o p\u00fablico no canal oficial da Uni\u00e3o de Maric\u00e1 no YouTube, atrav\u00e9s do link: bit.ly\/3J7UL0i.<\/p>\n<p>Sambas inscritos:<br \/>\nSamba 1 &#8211; Rony Maestro e cia<br \/>\nSamba 2 &#8211; Sydney Cardoso de Mendon\u00e7a \u201cO Poeta D\u2019areia\u201d<br \/>\nSamba 3 &#8211; Jairo Martins e cia<br \/>\nSamba 4 &#8211; Mestre Poraqu\u00ea e cia<br \/>\nSamba 5 &#8211; Sergio Harmonia e cia<br \/>\nSamba 6 &#8211; Vinicius Santos e cia<br \/>\nSamba 7 &#8211; Babby do Cavaco e cia<br \/>\nSamba 8 &#8211; Pedro Cassa e cia<br \/>\nSamba 9 &#8211; Rodrigo Vinna e cia<br \/>\nSamba 10 &#8211; Will do Aconchego e cia<br \/>\nSamba 11 &#8211; Cacau Souza e cia<br \/>\nSamba 12 &#8211; Claudio Russo e cia<br \/>\nSamba 13 &#8211; David Cria e cia<\/p>\n<p>Calend\u00e1rio da disputa de samba-enredo:<\/p>\n<p>01\/08 \u2013 Apresenta\u00e7\u00e3o de todos os sambas na quadra (sem corte)<br \/>\n08\/08 \u2013 1\u00aa audi\u00e7\u00e3o interna no barrac\u00e3o (com corte)<br \/>\n15\/08 \u2013 2\u00aa audi\u00e7\u00e3o interna no barrac\u00e3o (com corte)<br \/>\n22\/08 \u2013 Semifinal na quadra<br \/>\n29\/08 \u2013 Final na quadra<\/p>\n<p>A Uni\u00e3o de Maric\u00e1 ser\u00e1 a sexta escola a desfilar no s\u00e1bado de Carnaval, dia 14 de fevereiro de 2026, pela S\u00e9rie Ouro, na Marqu\u00eas de Sapuca\u00ed.<\/p>\n<p>Fotos: Ney Junior\/Uni\u00e3o de Maric\u00e1<\/p>\n","protected":false},"excerpt":{"rendered":"<p>Uni\u00e3o de Maric\u00e1 recebe 13 sambas para disputa rumo ao Carnaval 2026 Concurso que vai definir o hino do enredo \u201cBerenguend\u00e9ns e Balangand\u00e3s\u201d come\u00e7a sexta-feira (1); vencedor ganhar\u00e1 R$ 100 mil A Uni\u00e3o de Maric\u00e1 realizou, na noite desta ter\u00e7a-feira (29), as inscri\u00e7\u00f5es para o concurso de samba que definir\u00e1 o hino oficial da escola [&hellip;]<\/p>\n","protected":false},"author":1,"featured_media":3253,"comment_status":"closed","ping_status":"closed","sticky":false,"template":"","format":"standard","meta":{"footnotes":""},"categories":[13],"tags":[],"class_list":["post-3252","post","type-post","status-publish","format-standard","has-post-thumbnail","hentry","category-fashion"],"_links":{"self":[{"href":"https:\/\/mundodocarnaval.com.br\/pt_br\/wp-json\/wp\/v2\/posts\/3252","targetHints":{"allow":["GET"]}}],"collection":[{"href":"https:\/\/mundodocarnaval.com.br\/pt_br\/wp-json\/wp\/v2\/posts"}],"about":[{"href":"https:\/\/mundodocarnaval.com.br\/pt_br\/wp-json\/wp\/v2\/types\/post"}],"author":[{"embeddable":true,"href":"https:\/\/mundodocarnaval.com.br\/pt_br\/wp-json\/wp\/v2\/users\/1"}],"replies":[{"embeddable":true,"href":"https:\/\/mundodocarnaval.com.br\/pt_br\/wp-json\/wp\/v2\/comments?post=3252"}],"version-history":[{"count":2,"href":"https:\/\/mundodocarnaval.com.br\/pt_br\/wp-json\/wp\/v2\/posts\/3252\/revisions"}],"predecessor-version":[{"id":3255,"href":"https:\/\/mundodocarnaval.com.br\/pt_br\/wp-json\/wp\/v2\/posts\/3252\/revisions\/3255"}],"wp:featuredmedia":[{"embeddable":true,"href":"https:\/\/mundodocarnaval.com.br\/pt_br\/wp-json\/wp\/v2\/media\/3253"}],"wp:attachment":[{"href":"https:\/\/mundodocarnaval.com.br\/pt_br\/wp-json\/wp\/v2\/media?parent=3252"}],"wp:term":[{"taxonomy":"category","embeddable":true,"href":"https:\/\/mundodocarnaval.com.br\/pt_br\/wp-json\/wp\/v2\/categories?post=3252"},{"taxonomy":"post_tag","embeddable":true,"href":"https:\/\/mundodocarnaval.com.br\/pt_br\/wp-json\/wp\/v2\/tags?post=3252"}],"curies":[{"name":"wp","href":"https:\/\/api.w.org\/{rel}","templated":true}]}}