{"id":3267,"date":"2025-07-31T16:04:06","date_gmt":"2025-07-31T19:04:06","guid":{"rendered":"https:\/\/mundodocarnaval.com.br\/?p=3267"},"modified":"2025-07-31T16:04:07","modified_gmt":"2025-07-31T19:04:07","slug":"inscricoes-para-concurso-de-musa-da-comunidade-da-unidos-de-vila-isabel-abrem-nesta-sexta-feira-01","status":"publish","type":"post","link":"https:\/\/mundodocarnaval.com.br\/pt_br\/inscricoes-para-concurso-de-musa-da-comunidade-da-unidos-de-vila-isabel-abrem-nesta-sexta-feira-01\/","title":{"rendered":"Inscri\u00e7\u00f5es para concurso de musa da comunidade da Unidos de Vila Isabel abrem nesta sexta-feira (01)"},"content":{"rendered":"<p>Inscri\u00e7\u00f5es para concurso de musa da comunidade da Unidos de Vila Isabel abrem nesta sexta-feira (01)<\/p>\n<p>A Unidos de Vila Isabel abrir\u00e1 nesta sexta-feira (01) as inscri\u00e7\u00f5es para o concurso que escolher\u00e1 a nova musa da comunidade para o Carnaval 2026. As interessadas devem se inscrever at\u00e9 o dia 7 de agosto, exclusivamente pelo WhatsApp (21) 4123-1332.<\/p>\n<p>Para efetuar a inscri\u00e7\u00e3o, \u00e9 necess\u00e1rio enviar os seguintes dados: nome completo, idade, endere\u00e7o, perfil nas redes sociais, v\u00ednculo ou participa\u00e7\u00e3o na escola e telefone para contato.<\/p>\n<p>Podem participar mulheres a partir de 18 anos que tenham alguma liga\u00e7\u00e3o com a agremia\u00e7\u00e3o ou que residam nas proximidades da quadra ou da comunidade.<\/p>\n<p>O concurso ser\u00e1 realizado ao longo das eliminat\u00f3rias da disputa de samba-enredo da escola, com etapas previstas para os dias 15, 22 e 29 de agosto e 5 de setembro. A grande final acontecer\u00e1 no dia 12 de setembro, quando tamb\u00e9m ser\u00e1 escolhido o hino que a Vila levar\u00e1 para a Avenida no pr\u00f3ximo ano.<\/p>\n<p>A iniciativa integra um conjunto de a\u00e7\u00f5es em curso que visam resgatar as ra\u00edzes da agremia\u00e7\u00e3o e fortalecer os v\u00ednculos com a comunidade. O objetivo \u00e9 reconhecer os talentos do ch\u00e3o da escola, oferecendo oportunidades de destaque a quem contribui ativamente para a constru\u00e7\u00e3o dos desfiles. <\/p>\n<p>Segunda escola a desfilar na ter\u00e7a-feira de Carnaval, a Vila Isabel apresentar\u00e1 \u201cMacumbemb\u00ea, Samboremb\u00e1: Sonhei que um Sambista Sonhou a \u00c1frica\u201d. O enredo parte de um olhar on\u00edrico para homenagear o multiartista Heitor dos Prazeres, a quem \u00e9 atribu\u00edda a cria\u00e7\u00e3o dos termos &#8220;Pequena \u00c1frica&#8221; e &#8220;\u00c1frica em miniatura&#8221; para se referir \u00e0 regi\u00e3o da antiga Pra\u00e7a Onze. O tema ser\u00e1 desenvolvido pela dupla de carnavalescos Gabriel Haddad e Leonardo Bora.<\/p>\n<p>Servi\u00e7o<\/p>\n<p>Inscri\u00e7\u00f5es Concurso de Musa da Comunidade<\/p>\n<p>Data: 01\/08 a 07\/08<\/p>\n<p>Inscri\u00e7\u00e3o: Via WhatsApp &#8211; (21) 4123-1332<\/p>\n<p>Requisitos: Mulheres a partir de 18 anos que possuam v\u00ednculo com a escola ou morem nas redondezas da quadra ou na comunidade<\/p>\n","protected":false},"excerpt":{"rendered":"<p>Inscri\u00e7\u00f5es para concurso de musa da comunidade da Unidos de Vila Isabel abrem nesta sexta-feira (01) A Unidos de Vila Isabel abrir\u00e1 nesta sexta-feira (01) as inscri\u00e7\u00f5es para o concurso que escolher\u00e1 a nova musa da comunidade para o Carnaval 2026. As interessadas devem se inscrever at\u00e9 o dia 7 de agosto, exclusivamente pelo WhatsApp [&hellip;]<\/p>\n","protected":false},"author":1,"featured_media":3246,"comment_status":"closed","ping_status":"closed","sticky":false,"template":"","format":"standard","meta":{"footnotes":""},"categories":[12],"tags":[],"class_list":["post-3267","post","type-post","status-publish","format-standard","has-post-thumbnail","hentry","category-grupo-especial"],"_links":{"self":[{"href":"https:\/\/mundodocarnaval.com.br\/pt_br\/wp-json\/wp\/v2\/posts\/3267","targetHints":{"allow":["GET"]}}],"collection":[{"href":"https:\/\/mundodocarnaval.com.br\/pt_br\/wp-json\/wp\/v2\/posts"}],"about":[{"href":"https:\/\/mundodocarnaval.com.br\/pt_br\/wp-json\/wp\/v2\/types\/post"}],"author":[{"embeddable":true,"href":"https:\/\/mundodocarnaval.com.br\/pt_br\/wp-json\/wp\/v2\/users\/1"}],"replies":[{"embeddable":true,"href":"https:\/\/mundodocarnaval.com.br\/pt_br\/wp-json\/wp\/v2\/comments?post=3267"}],"version-history":[{"count":1,"href":"https:\/\/mundodocarnaval.com.br\/pt_br\/wp-json\/wp\/v2\/posts\/3267\/revisions"}],"predecessor-version":[{"id":3268,"href":"https:\/\/mundodocarnaval.com.br\/pt_br\/wp-json\/wp\/v2\/posts\/3267\/revisions\/3268"}],"wp:featuredmedia":[{"embeddable":true,"href":"https:\/\/mundodocarnaval.com.br\/pt_br\/wp-json\/wp\/v2\/media\/3246"}],"wp:attachment":[{"href":"https:\/\/mundodocarnaval.com.br\/pt_br\/wp-json\/wp\/v2\/media?parent=3267"}],"wp:term":[{"taxonomy":"category","embeddable":true,"href":"https:\/\/mundodocarnaval.com.br\/pt_br\/wp-json\/wp\/v2\/categories?post=3267"},{"taxonomy":"post_tag","embeddable":true,"href":"https:\/\/mundodocarnaval.com.br\/pt_br\/wp-json\/wp\/v2\/tags?post=3267"}],"curies":[{"name":"wp","href":"https:\/\/api.w.org\/{rel}","templated":true}]}}