{"id":3269,"date":"2025-08-02T01:41:01","date_gmt":"2025-08-02T04:41:01","guid":{"rendered":"https:\/\/mundodocarnaval.com.br\/?p=3269"},"modified":"2025-08-02T01:41:01","modified_gmt":"2025-08-02T04:41:01","slug":"lins-imperial-exaltara-as-aguas-cristalinas-de-cachoeiras-de-macacu-no-carnaval-2026","status":"publish","type":"post","link":"https:\/\/mundodocarnaval.com.br\/pt_br\/lins-imperial-exaltara-as-aguas-cristalinas-de-cachoeiras-de-macacu-no-carnaval-2026\/","title":{"rendered":"Lins Imperial exaltar\u00e1 as \u00e1guas cristalinas de Cachoeiras de Macacu no Carnaval 2026"},"content":{"rendered":"<p>Lins Imperial exaltar\u00e1 as \u00e1guas cristalinas de Cachoeiras de Macacu no Carnaval 2026<br \/>\nEscola est\u00e1 de volta \u00e0 S\u00e9rie Prata do carnaval carioca<\/p>\n<p>Almejando ascender \u00e0 S\u00e9rie Ouro, a Lins Imperial, em 2026, ter\u00e1 como enredo \u201cMacacu \u2014 No caminho das \u00e1guas cristalinas, reflete a alma da cria\u00e7\u00e3o\u201d. A narrativa, debru\u00e7ada a partir da \u00edntima rela\u00e7\u00e3o de Macacu com as \u00e1guas, percorre os trajetos que refletem a alma da cria\u00e7\u00e3o da cidade, por meio das cosmogonias dos Bantu e dos Puri e, por consequ\u00eancia, desdobrando-se em pr\u00e1ticas locais ligadas \u00e0 \u00e1gua, como aquelas das comunidades tradicionais, festividades populares e religiosas, al\u00e9m das iniciativas de preserva\u00e7\u00e3o ambiental.<\/p>\n<p>\u201cA Lins Imperial tem duas de suas comunidades do Complexo do Lins com forte rela\u00e7\u00e3o com as \u00e1guas, carregando inclusive um desenho natural geogr\u00e1fico desse elemento em seus nomes: Cachoeirinha e Cachoeira Grande. Por muitos anos, as \u00e1guas do Lins serviram como um lugar em que os seus moradores desenvolveram diversas pr\u00e1ticas sociais, como as das lavadeiras e as de lazer. Quando escolhemos Cachoeiras de Macacu, observamos tamb\u00e9m essas similaridades. E agora nossas \u00e1guas encontram as cristalinas de Macacu. Agrade\u00e7o ao prefeito Rafael Miranda, \u00e0 vice-prefeita Dra. Patr\u00edcia Coelho e ao secret\u00e1rio municipal de cultura Lucas Bueno pela parceria conosco, por ter nos disponibilizado documentos hist\u00f3ricos da cidade e por ter nos orientado da melhor forma para chegarmos aos pesquisadores e aos cidad\u00e3os cachoeirenses que tanto t\u00eam a nos ensinar sobre Macacu\u201d, agradeceu o presidente Fl\u00e1vio Mello.<\/p>\n<p>Pelo segundo ano consecutivo como enredista da escola, ao lado de Mateus Pranto, Kitalesi descreve o processo de cria\u00e7\u00e3o do enredo: \u201cFizemos um verdadeiro mergulho nas \u00e1guas de Macacu. Fomos \u00e0 cidade e executamos um trabalho de campo, escutando pesquisadores e moradores macacuanos, bem como visitando lugares singulares e colhendo documentos que pudessem enriquecer nossa pesquisa. E, a partir disso, compreendemos como a \u00e1gua \u00e9 um elemento sagrado para a cidade como um todo, estando presente em narrativas fundadoras e em pr\u00e1ticas locais promovidas pelos cachoeirenses\u201d, comenta o enredista Arnaldo C\u00e9sar Roque (Kitalesi).<\/p>\n<p>\u201cAo escolhermos como fio condutor falar de Macacu a partir das suas \u00e1guas, tamb\u00e9m decidimos por uma narrativa que bebe da fonte da sabedoria afroind\u00edgena, que nos ensina a necessidade de respeitar e cultuar a \u00e1gua como elemento divino, sagrado, capaz de nos lembrar das nossas hist\u00f3rias e da nossa exist\u00eancia. A \u00e1gua \u00e9 mem\u00f3ria, caminho e retorno para todos n\u00f3s. Adotar essa perspectiva narrativa, debru\u00e7ada nas tradi\u00e7\u00f5es ind\u00edgenas e africanas, inclusive, \u00e9 uma caracter\u00edstica da Lins Imperial, o que vem gerando bons enredos e sambas.\u201d, completa o enredista Mateus Pranto.<\/p>\n<p>Na condu\u00e7\u00e3o do carnaval 2026 a Lins ter\u00e1 a dupla de carnavalescos Agnaldo Correa e Edgley Cunha. Os artistas j\u00e1 trabalham na cria\u00e7\u00e3o de fantasias e alegorias com o intuito de transformar, de forma gloriosa e grandiosa, toda essa rela\u00e7\u00e3o de Macacu com as \u00e1guas, partindo das cosmogonias dos Bantu e dos Puri, depois, abordando aspectos da cidade com forte rela\u00e7\u00e3o com esse elemento sagrado, como as pr\u00e1ticas de comunidades tradicionais, as festividades populares e religiosas, al\u00e9m das iniciativas de preserva\u00e7\u00e3o ambiental presentes em Cachoeiras.<\/p>\n<p>A Lins ser\u00e1 a 12\u00aa a desfilar, no domingo de carnaval, 15 de fevereiro de 2026. A sinopse e o calend\u00e1rio de disputa de samba-enredo, aberta a todos compositores, ser\u00e1 divulgado em breve.<\/p>\n<p>Fotos: Diego Mendes<\/p>\n","protected":false},"excerpt":{"rendered":"<p>Lins Imperial exaltar\u00e1 as \u00e1guas cristalinas de Cachoeiras de Macacu no Carnaval 2026 Escola est\u00e1 de volta \u00e0 S\u00e9rie Prata do carnaval carioca Almejando ascender \u00e0 S\u00e9rie Ouro, a Lins Imperial, em 2026, ter\u00e1 como enredo \u201cMacacu \u2014 No caminho das \u00e1guas cristalinas, reflete a alma da cria\u00e7\u00e3o\u201d. A narrativa, debru\u00e7ada a partir da \u00edntima [&hellip;]<\/p>\n","protected":false},"author":1,"featured_media":3270,"comment_status":"closed","ping_status":"closed","sticky":false,"template":"","format":"standard","meta":{"footnotes":""},"categories":[14],"tags":[],"class_list":["post-3269","post","type-post","status-publish","format-standard","has-post-thumbnail","hentry","category-gadgets"],"_links":{"self":[{"href":"https:\/\/mundodocarnaval.com.br\/pt_br\/wp-json\/wp\/v2\/posts\/3269","targetHints":{"allow":["GET"]}}],"collection":[{"href":"https:\/\/mundodocarnaval.com.br\/pt_br\/wp-json\/wp\/v2\/posts"}],"about":[{"href":"https:\/\/mundodocarnaval.com.br\/pt_br\/wp-json\/wp\/v2\/types\/post"}],"author":[{"embeddable":true,"href":"https:\/\/mundodocarnaval.com.br\/pt_br\/wp-json\/wp\/v2\/users\/1"}],"replies":[{"embeddable":true,"href":"https:\/\/mundodocarnaval.com.br\/pt_br\/wp-json\/wp\/v2\/comments?post=3269"}],"version-history":[{"count":1,"href":"https:\/\/mundodocarnaval.com.br\/pt_br\/wp-json\/wp\/v2\/posts\/3269\/revisions"}],"predecessor-version":[{"id":3271,"href":"https:\/\/mundodocarnaval.com.br\/pt_br\/wp-json\/wp\/v2\/posts\/3269\/revisions\/3271"}],"wp:featuredmedia":[{"embeddable":true,"href":"https:\/\/mundodocarnaval.com.br\/pt_br\/wp-json\/wp\/v2\/media\/3270"}],"wp:attachment":[{"href":"https:\/\/mundodocarnaval.com.br\/pt_br\/wp-json\/wp\/v2\/media?parent=3269"}],"wp:term":[{"taxonomy":"category","embeddable":true,"href":"https:\/\/mundodocarnaval.com.br\/pt_br\/wp-json\/wp\/v2\/categories?post=3269"},{"taxonomy":"post_tag","embeddable":true,"href":"https:\/\/mundodocarnaval.com.br\/pt_br\/wp-json\/wp\/v2\/tags?post=3269"}],"curies":[{"name":"wp","href":"https:\/\/api.w.org\/{rel}","templated":true}]}}