{"id":3272,"date":"2025-08-02T01:50:43","date_gmt":"2025-08-02T04:50:43","guid":{"rendered":"https:\/\/mundodocarnaval.com.br\/?p=3272"},"modified":"2025-08-02T01:50:44","modified_gmt":"2025-08-02T04:50:44","slug":"unidos-da-tijuca-inicia-eliminatorias-de-samba-enredo-na-proxima-quinta-feira","status":"publish","type":"post","link":"https:\/\/mundodocarnaval.com.br\/pt_br\/unidos-da-tijuca-inicia-eliminatorias-de-samba-enredo-na-proxima-quinta-feira\/","title":{"rendered":"Unidos da Tijuca inicia eliminat\u00f3rias de samba-enredo na pr\u00f3xima quinta-feira"},"content":{"rendered":"<p>Unidos da Tijuca inicia eliminat\u00f3rias de samba-enredo na pr\u00f3xima quinta-feira com entrada franca at\u00e9 21 horas<br \/>\nEliminat\u00f3rias acontecem todas as quintas de agosto a partir das 19 horas<\/p>\n<p>A Unidos da Tijuca marcou para a pr\u00f3xima quinta-feira, 07 de agosto, o in\u00edcio da sua disputa de samba-enredo para o Carnaval 2026, quando apresentar\u00e1 na Avenida Marqu\u00eas de Sapuca\u00ed o enredo \u201cCarolina Maria de Jesus, enredo de autoria do carnavalesco Edson Pereira. Sete sambas participam da disputa que ocorrer\u00e1 todas as quintas-feiras de agosto na quadra localizada no Santo Cristo, a partir das 19 horas.<\/p>\n<p>A entrada para assistir \u00e0 apresenta\u00e7\u00e3o dos sambas concorrentes \u00e9 franca at\u00e9 \u00e0s 21 horas. Segmentos e componentes n\u00e3o pagam ingresso. Ap\u00f3s 21 horas, o ingresso custar\u00e1 R$ 50,00. A mesa para 4 pessoas custa R$ 50 e os camarotes para 10 pessoas saem por R$ 300, inferior e R$ 400, superior. A venda \u00e9 feita antecipadamente no Sympla, ou na bilheteria, durante o evento.<\/p>\n<p>A grande final tem nova data e est\u00e1 remarcada para s\u00e1bado, 13 de setembro. A quadra da Unidos da Tijuca fica localizada na Avenida Francisco Bicalho n\u00ba 47 \u2013 Santo Cristo<\/p>\n<p>Todas as obras est\u00e3o disponibilizadas no YouTube oficial da agremia\u00e7\u00e3o &#8211; Canal Unidos da Tijuca &#8211; https:\/\/www.youtube.com\/@GRESUTijuca.<\/p>\n<p>Confira as parcerias inscritas:<\/p>\n<p>Samba Concorrente 1 &#8211; Compositores: Leandro Ga\u00facho, Anderson Benson, Maia Cordeiro, Clairton Fonseca, Foga\u00e7a Davison Jaime, Manoel Alem\u00e3o, Paulo Marrocos e Ailson Pican\u00e7o<\/p>\n<p>Youtube: https:\/\/youtu.be\/yj1aYKJyICQ<\/p>\n<p>Samba Concorrente 4 \u2013 Compositores: Eduardo Medrado, Dr\u00e9di, Kleber Rodrigues, Luiz Nascimento, Romeu D\u2019Malandro, Rony Silva e Sandro Nery  <\/p>\n<p>Youtube: https:\/\/youtu.be\/l_C1ViFVfTY<\/p>\n<p>Samba Concorrente 7 &#8211; Compositores: Lico Monteiro, Samir Trindade, Leandro Thomaz, Marcelo Adnet, Marcelo Lepiane, Telmo Augusto, Gigi da Estiva e Juca.<\/p>\n<p>Youtube: https:\/\/youtu.be\/wjGVHTlhEIg?si=EUejh7bw2OtCrqHj<\/p>\n<p>Samba Concorrente  8 &#8211; Compositores: Gabriel Machado, Julio Pag\u00e9, Robson Bastos, Miguel Dibo, Serginho Motta, Orlando Ambr\u00f3sio, Jeferson Oliveira e Lucas Macedo<\/p>\n<p>Youtube: https:\/\/youtu.be\/FzN79BINztA<\/p>\n<p>Samba Concorrente 11 \u2013 Compositores: Tiago Makula, Haylton Faria, F\u00e1bio Sobrinho, Robson Luis e Bim Bim Portela<\/p>\n<p>Youtube: https:\/\/youtu.be\/f4fpMzCnsIg<\/p>\n<p>Samba Concorrente 13 \u2013 Compositores: Totonho, Julio Alves, Dudu, Claudio Russo, Chico Alves, Jorge Arthur, Machado e Fadico<\/p>\n<p>Youtube: https:\/\/youtu.be\/C5Xr7d-Lqn4<\/p>\n<p>Samba Concorrente 16 \u2013 Compositores: Arlindinho, Babi Cruz, Diego Nicolau, Adolfo Konder, Felipe Petrini, Luiz Pavarotti, Michel Portugal e Fred Camacho<\/p>\n<p>Youtube: https:\/\/youtu.be\/3I6IC-zNBfQ<\/p>\n<p>Cr\u00e9ditos: Mauro Samagaio<\/p>\n<p>Servi\u00e7o:<\/p>\n<p>Apresenta\u00e7\u00e3o dos Sambas Concorrentes \u2013 Carnaval 2026<\/p>\n<p>Data: 07 de agosto de 2025<\/p>\n<p>Hor\u00e1rio: 19h<\/p>\n<p>Entrada: Franca at\u00e9 21 horas, ap\u00f3s R$ 50,00 (mesa vip para 4 pessoas \u2013 R$ 50); (R$ 300,00 camarote inferior e R$ 400,00 superior para 10 pessoas)<\/p>\n<p>Venda On-Line: https:\/\/www.sympla.com.br\/evento\/unidos-da-tijuca-apresentacao-dos-sambas-concorrentes-carnaval-2026\/3059328 <\/p>\n<p>Local: Avenida Francisco Bicalho n\u00ba 47 \u2013 Santo Cristo<\/p>\n","protected":false},"excerpt":{"rendered":"<p>Unidos da Tijuca inicia eliminat\u00f3rias de samba-enredo na pr\u00f3xima quinta-feira com entrada franca at\u00e9 21 horas Eliminat\u00f3rias acontecem todas as quintas de agosto a partir das 19 horas A Unidos da Tijuca marcou para a pr\u00f3xima quinta-feira, 07 de agosto, o in\u00edcio da sua disputa de samba-enredo para o Carnaval 2026, quando apresentar\u00e1 na Avenida [&hellip;]<\/p>\n","protected":false},"author":1,"featured_media":3273,"comment_status":"closed","ping_status":"closed","sticky":false,"template":"","format":"standard","meta":{"footnotes":""},"categories":[12],"tags":[],"class_list":["post-3272","post","type-post","status-publish","format-standard","has-post-thumbnail","hentry","category-grupo-especial"],"_links":{"self":[{"href":"https:\/\/mundodocarnaval.com.br\/pt_br\/wp-json\/wp\/v2\/posts\/3272","targetHints":{"allow":["GET"]}}],"collection":[{"href":"https:\/\/mundodocarnaval.com.br\/pt_br\/wp-json\/wp\/v2\/posts"}],"about":[{"href":"https:\/\/mundodocarnaval.com.br\/pt_br\/wp-json\/wp\/v2\/types\/post"}],"author":[{"embeddable":true,"href":"https:\/\/mundodocarnaval.com.br\/pt_br\/wp-json\/wp\/v2\/users\/1"}],"replies":[{"embeddable":true,"href":"https:\/\/mundodocarnaval.com.br\/pt_br\/wp-json\/wp\/v2\/comments?post=3272"}],"version-history":[{"count":1,"href":"https:\/\/mundodocarnaval.com.br\/pt_br\/wp-json\/wp\/v2\/posts\/3272\/revisions"}],"predecessor-version":[{"id":3274,"href":"https:\/\/mundodocarnaval.com.br\/pt_br\/wp-json\/wp\/v2\/posts\/3272\/revisions\/3274"}],"wp:featuredmedia":[{"embeddable":true,"href":"https:\/\/mundodocarnaval.com.br\/pt_br\/wp-json\/wp\/v2\/media\/3273"}],"wp:attachment":[{"href":"https:\/\/mundodocarnaval.com.br\/pt_br\/wp-json\/wp\/v2\/media?parent=3272"}],"wp:term":[{"taxonomy":"category","embeddable":true,"href":"https:\/\/mundodocarnaval.com.br\/pt_br\/wp-json\/wp\/v2\/categories?post=3272"},{"taxonomy":"post_tag","embeddable":true,"href":"https:\/\/mundodocarnaval.com.br\/pt_br\/wp-json\/wp\/v2\/tags?post=3272"}],"curies":[{"name":"wp","href":"https:\/\/api.w.org\/{rel}","templated":true}]}}