{"id":3275,"date":"2025-08-02T02:47:45","date_gmt":"2025-08-02T05:47:45","guid":{"rendered":"https:\/\/mundodocarnaval.com.br\/?p=3275"},"modified":"2025-08-02T02:47:45","modified_gmt":"2025-08-02T05:47:45","slug":"unidos-do-jacarezinho-divulga-regulamento-e-calendario-da-disputa-de-samba-enredo","status":"publish","type":"post","link":"https:\/\/mundodocarnaval.com.br\/pt_br\/unidos-do-jacarezinho-divulga-regulamento-e-calendario-da-disputa-de-samba-enredo\/","title":{"rendered":"Unidos do Jacarezinho divulga regulamento e calend\u00e1rio da disputa de samba-enredo"},"content":{"rendered":"<p>Unidos do Jacarezinho divulga regulamento e calend\u00e1rio da disputa de samba-enredo<\/p>\n<p>Grande Final acontece dia 17 de outubro<\/p>\n<p>A Unidos do Jacarezinho, que no Carnaval 2026 ser\u00e1 a primeira escola a desfilar na Marqu\u00eas de Sapuca\u00ed, divulgou o regulamento e calend\u00e1rio da disputa de samba-enredo visando o pr\u00f3ximo carnaval. A agremia\u00e7\u00e3o rosa e branco do Jacar\u00e9 ter\u00e1 como enredo o cantor, compositor e ator Xande de Pilares.<\/p>\n<p>Poder\u00e1 participar da disputa qualquer poeta interessado em fazer parte do concurso, que \u00e9 aberto a compositores de fora da tradicional ala da escola. A disputa ter\u00e1 apenas tr\u00eas datas, come\u00e7ando no dia 3 de outubro e com a grande final marcada para 17 do mesmo m\u00eas. A sinopse j\u00e1 est\u00e1 disponibilizada nas redes sociais da escola, que agendou tr\u00eas datas de encontros com o carnavalesco para tira-d\u00favidas: 15, 22 e 29 de agosto de 19 \u00e0s 22 horas na quadra da escola, localizada na Avenida Dom H\u00e9lder C\u00e2mara 2233.<\/p>\n<p>O per\u00edodo de inscri\u00e7\u00f5es para os sambas concorrentes j\u00e1 tem datas definidas. Os compositores dever\u00e3o fazer a inscri\u00e7\u00e3o de forma on-line no dia 5 de setembro atrav\u00e9s do WhatsApp 21 98641-0401 at\u00e9 \u00e0s 00. A entrega do samba-enredo acontece no dia 15 de setembro de 20 \u00e0s 00 presencialmente, na quadra. Cada parceria dever\u00e1 fornecer 40 c\u00f3pias em papel A4, 01 pen drive com \u00e1udio MP3 e letra do samba em word. A taxa de inscri\u00e7\u00e3o \u00e9 de R$ 100,00 por compositor. Cada composi\u00e7\u00e3o poder\u00e1 ter at\u00e9 8 autores, sendo vedada a participa\u00e7\u00e3o especial.<\/p>\n<p>Sinopse, regulamento completo e ficha de inscri\u00e7\u00e3o poder\u00e3o ser obtidos atrav\u00e9s do link: https:\/\/drive.google.com\/drive\/folders\/1HybPQ22UL06FOzYBAEwNs7KxHlhk4Uky.<\/p>\n<p>O enredo da Unidos do Jacarezinho em 2026 \u00e9 \u201c O ar que se respira agora inspira novos tempos\u201d e ser\u00e1 desenvolvido pelo carnavalesco Bruno Oliveira.<\/p>\n<p>Fotos: Gabriel Belmiro<\/p>\n","protected":false},"excerpt":{"rendered":"<p>Unidos do Jacarezinho divulga regulamento e calend\u00e1rio da disputa de samba-enredo Grande Final acontece dia 17 de outubro A Unidos do Jacarezinho, que no Carnaval 2026 ser\u00e1 a primeira escola a desfilar na Marqu\u00eas de Sapuca\u00ed, divulgou o regulamento e calend\u00e1rio da disputa de samba-enredo visando o pr\u00f3ximo carnaval. A agremia\u00e7\u00e3o rosa e branco do [&hellip;]<\/p>\n","protected":false},"author":1,"featured_media":3276,"comment_status":"closed","ping_status":"closed","sticky":false,"template":"","format":"standard","meta":{"footnotes":""},"categories":[14],"tags":[],"class_list":["post-3275","post","type-post","status-publish","format-standard","has-post-thumbnail","hentry","category-gadgets"],"_links":{"self":[{"href":"https:\/\/mundodocarnaval.com.br\/pt_br\/wp-json\/wp\/v2\/posts\/3275","targetHints":{"allow":["GET"]}}],"collection":[{"href":"https:\/\/mundodocarnaval.com.br\/pt_br\/wp-json\/wp\/v2\/posts"}],"about":[{"href":"https:\/\/mundodocarnaval.com.br\/pt_br\/wp-json\/wp\/v2\/types\/post"}],"author":[{"embeddable":true,"href":"https:\/\/mundodocarnaval.com.br\/pt_br\/wp-json\/wp\/v2\/users\/1"}],"replies":[{"embeddable":true,"href":"https:\/\/mundodocarnaval.com.br\/pt_br\/wp-json\/wp\/v2\/comments?post=3275"}],"version-history":[{"count":1,"href":"https:\/\/mundodocarnaval.com.br\/pt_br\/wp-json\/wp\/v2\/posts\/3275\/revisions"}],"predecessor-version":[{"id":3277,"href":"https:\/\/mundodocarnaval.com.br\/pt_br\/wp-json\/wp\/v2\/posts\/3275\/revisions\/3277"}],"wp:featuredmedia":[{"embeddable":true,"href":"https:\/\/mundodocarnaval.com.br\/pt_br\/wp-json\/wp\/v2\/media\/3276"}],"wp:attachment":[{"href":"https:\/\/mundodocarnaval.com.br\/pt_br\/wp-json\/wp\/v2\/media?parent=3275"}],"wp:term":[{"taxonomy":"category","embeddable":true,"href":"https:\/\/mundodocarnaval.com.br\/pt_br\/wp-json\/wp\/v2\/categories?post=3275"},{"taxonomy":"post_tag","embeddable":true,"href":"https:\/\/mundodocarnaval.com.br\/pt_br\/wp-json\/wp\/v2\/tags?post=3275"}],"curies":[{"name":"wp","href":"https:\/\/api.w.org\/{rel}","templated":true}]}}