{"id":3281,"date":"2025-08-02T23:15:44","date_gmt":"2025-08-03T02:15:44","guid":{"rendered":"https:\/\/mundodocarnaval.com.br\/?p=3281"},"modified":"2025-08-02T23:15:44","modified_gmt":"2025-08-03T02:15:44","slug":"tuiuti-lanca-samba-enredo-em-festa-na-cidade-do-samba-no-dia-15","status":"publish","type":"post","link":"https:\/\/mundodocarnaval.com.br\/pt_br\/tuiuti-lanca-samba-enredo-em-festa-na-cidade-do-samba-no-dia-15\/","title":{"rendered":"Tuiuti lan\u00e7a samba-enredo em festa na Cidade do Samba no dia 15"},"content":{"rendered":"<p>Tuiuti lan\u00e7a samba-enredo em festa na Cidade do Samba no dia 15<\/p>\n<p>No pr\u00f3ximo dia 15 de agosto, o Para\u00edso do Tuiuti vai apresentar o samba-enredo para o Carnaval 2026 em uma grande festa na Cidade do Samba, a partir das 20h. O hino foi composto por Claudio Russo, Gustavo Clar\u00e3o e Luiz Ant\u00f4nio Simas para embalar o enredo &#8220;Lon\u00e3 If\u00e1 Lukumi&#8221;, sobre uma vertente religiosa afro-cubana que vem sendo redescoberta no Brasil. O tema \u00e9 do carnavalesco Jack Vasconcelos.<\/p>\n<p>Al\u00e9m da apresenta\u00e7\u00e3o de todos os segmentos da azul e amarelo de S\u00e3o Crist\u00f3v\u00e3o, haver\u00e1 shows com Beija-Flor de Nil\u00f3polis, Grande Rio, o cantor Thiago Soares e DJs convidados.<\/p>\n<p>A venda dos ingressos ocorre pela plataforma Guich\u00eaWeb, com pre\u00e7o a partir de R$ 30. Para mais informa\u00e7\u00f5es e reservas de mesas em: (21) 97398-1021.<\/p>\n<p>Servi\u00e7o:<br \/>\nFesta de lan\u00e7amento do samba-enredo de 2026<br \/>\nSexta-feira, 15 de agosto, a partir das 20h<br \/>\nCidade do Samba &#8211; Rua Rivad\u00e1via Correa, 60<br \/>\nIngressos: a partir de R$ 30<br \/>\nLink de venda: https:\/\/www.guicheweb.com.br\/lancamento-samba-enredo_44324<\/p>\n","protected":false},"excerpt":{"rendered":"<p>Tuiuti lan\u00e7a samba-enredo em festa na Cidade do Samba no dia 15 No pr\u00f3ximo dia 15 de agosto, o Para\u00edso do Tuiuti vai apresentar o samba-enredo para o Carnaval 2026 em uma grande festa na Cidade do Samba, a partir das 20h. O hino foi composto por Claudio Russo, Gustavo Clar\u00e3o e Luiz Ant\u00f4nio Simas [&hellip;]<\/p>\n","protected":false},"author":1,"featured_media":3282,"comment_status":"closed","ping_status":"closed","sticky":false,"template":"","format":"standard","meta":{"footnotes":""},"categories":[12],"tags":[],"class_list":["post-3281","post","type-post","status-publish","format-standard","has-post-thumbnail","hentry","category-grupo-especial"],"_links":{"self":[{"href":"https:\/\/mundodocarnaval.com.br\/pt_br\/wp-json\/wp\/v2\/posts\/3281","targetHints":{"allow":["GET"]}}],"collection":[{"href":"https:\/\/mundodocarnaval.com.br\/pt_br\/wp-json\/wp\/v2\/posts"}],"about":[{"href":"https:\/\/mundodocarnaval.com.br\/pt_br\/wp-json\/wp\/v2\/types\/post"}],"author":[{"embeddable":true,"href":"https:\/\/mundodocarnaval.com.br\/pt_br\/wp-json\/wp\/v2\/users\/1"}],"replies":[{"embeddable":true,"href":"https:\/\/mundodocarnaval.com.br\/pt_br\/wp-json\/wp\/v2\/comments?post=3281"}],"version-history":[{"count":1,"href":"https:\/\/mundodocarnaval.com.br\/pt_br\/wp-json\/wp\/v2\/posts\/3281\/revisions"}],"predecessor-version":[{"id":3283,"href":"https:\/\/mundodocarnaval.com.br\/pt_br\/wp-json\/wp\/v2\/posts\/3281\/revisions\/3283"}],"wp:featuredmedia":[{"embeddable":true,"href":"https:\/\/mundodocarnaval.com.br\/pt_br\/wp-json\/wp\/v2\/media\/3282"}],"wp:attachment":[{"href":"https:\/\/mundodocarnaval.com.br\/pt_br\/wp-json\/wp\/v2\/media?parent=3281"}],"wp:term":[{"taxonomy":"category","embeddable":true,"href":"https:\/\/mundodocarnaval.com.br\/pt_br\/wp-json\/wp\/v2\/categories?post=3281"},{"taxonomy":"post_tag","embeddable":true,"href":"https:\/\/mundodocarnaval.com.br\/pt_br\/wp-json\/wp\/v2\/tags?post=3281"}],"curies":[{"name":"wp","href":"https:\/\/api.w.org\/{rel}","templated":true}]}}