{"id":3284,"date":"2025-08-02T23:36:45","date_gmt":"2025-08-03T02:36:45","guid":{"rendered":"https:\/\/mundodocarnaval.com.br\/?p=3284"},"modified":"2025-08-02T23:36:45","modified_gmt":"2025-08-03T02:36:45","slug":"academicos-de-niteroi-divulga-logo-e-sinopse-do-enredo-sobre-lula","status":"publish","type":"post","link":"https:\/\/mundodocarnaval.com.br\/pt_br\/academicos-de-niteroi-divulga-logo-e-sinopse-do-enredo-sobre-lula\/","title":{"rendered":"Acad\u00eamicos de Niter\u00f3i divulga logo e sinopse do enredo sobre Lula"},"content":{"rendered":"<p>Acad\u00eamicos de Niter\u00f3i divulga logo e sinopse do enredo sobre Lula<\/p>\n<p>A Acad\u00eamicos de Niter\u00f3i divulgou a sinopse e logo oficial do seu enredo para o carnaval de 2026. A estreante no Grupo Especial levar\u00e1 para a Marqu\u00eas de Sapuca\u00ed uma homenagem a Luiz In\u00e1cio Lula da Silva com o enredo &#8220;Do alto do mulungu surge a esperan\u00e7a: Lula, o oper\u00e1rio do Brasil&#8221;, desenvolvido pelo carnavalesco Tiago Martins e o enredista Igor Ricardo.<br \/>\nA azul e branca da cidade sorriso abrir\u00e1 os desfiles do Grupo Especial no domingo de carnaval, 15 de fevereiro.<\/p>\n<p>Introdu\u00e7\u00e3o<\/p>\n<p>Dentro de um regime democr\u00e1tico, a popularidade \u00e9 movida por altos e baixos. Mas, ao contr\u00e1rio do pensamento estoico, nem toda vida pol\u00edtica caminha para um final fracassado. E, atualmente, existe apenas um l\u00edder no planeta que pode reivindicar tal fama: Luiz In\u00e1cio da Silva &#8211; o ex-oper\u00e1rio que voltou \u00e0 presid\u00eancia do Brasil para cumprir um terceiro mandato. Goste dele ou n\u00e3o, \u00e9 preciso aceitar: Lula \u00e9 o pol\u00edtico mais bem-sucedido de seu tempo. A combina\u00e7\u00e3o de uma personalidade carism\u00e1tica com sensibilidade social s\u00e3o trunfos sublimes do homenageado da Acad\u00eamicos de Niter\u00f3i para o Carnaval 2026.<\/p>\n<p>Sinopse<\/p>\n<p>Do alto do mulungu surge a esperan\u00e7a: Lula, o oper\u00e1rio do Brasil<\/p>\n<p>Pelo r\u00e1dio, ouve-se Luiz Gonzaga. Apesar dos chiados, Gonzag\u00e3o era t\u00e3o presente quanto os sanfoneiros nas festas nordestinas.<\/p>\n<p>\u201cN\u00e3o h\u00e1, \u00f3 gente, \u00f3 n\u00e3o\/Luar como esse do sert\u00e3o\u201d<\/p>\n<p>No agreste pernambucano, dona Lindu e seus oito filhos viviam integrados \u00e0 natureza. Um deles era Luiz In\u00e1cio da Silva, o Lula. Ele e seus irm\u00e3os gostavam de brincar no reflexo prateado da lua cheia naquele ch\u00e3o ressecado.<\/p>\n<p>A vida por l\u00e1 era dura. Mas medo mesmo a fam\u00edlia Silva tinha era das coisas do outro mundo. O que os assombrava eram as hist\u00f3rias de alma penada: o Papa-figo, um velho horrendo que adorava comer o f\u00edgado dos pequenos que n\u00e3o se comportavam; os mortos que voltavam do al\u00e9m\u2026 A cobra que sa\u00eda escondida \u00e0 noite para sugar o leite da mulher que amamentava.<\/p>\n<p>Era o mundo fant\u00e1stico usado para explicar o inevit\u00e1vel, em um lugar onde a mortalidade infantil fazia parte da realidade. Mesmo mortos, esses beb\u00eas se mantinham vivos no sentimento dos vivos. \u201cEra preciso lutar para sobreviver ou morrer lutando\u201d. O fato \u00e9 que Luiz In\u00e1cio cresceu no momento de maior pobreza que sua m\u00e3e conheceu. Sem o pai, que foi morar em S\u00e3o Paulo, a lida ficou muito pior.<\/p>\n<p>A divers\u00e3o misturava-se com a necessidade ao brincar com os bichos que apareciam no quintal. Calangos, coelhos, pre\u00e1s, beija-flores e at\u00e9 caramujos. Com seus estilingues, acertavam os animais para ass\u00e1-los em espetinhos enfileirados. A paisagem do agreste era o parque de divers\u00f5es daqueles meninos, e o \u201cbrinquedo\u201d favorito de Lula era o p\u00e9 de mulungu dos arredores de sua casa. Do alto dos seus galhos, o futuro presidente do Brasil vislumbrava os dias com esperan\u00e7a.<\/p>\n<p>No ano de 1952, o sol castigou toda a Garanhuns. A seca devastou a lavoura. A fome n\u00e3o perdoou. A possibilidade de sair de Pernambuco e migrar para S\u00e3o Paulo se tornou real. A travessia seria longa, dura, incerta. Uma viagem sem garantias, ao Deus dar\u00e1. Amontoaram as coisas numa trouxa, guardaram os retratos pendurados na parede, tiraram as imagens de Santa Luzia e S\u00e3o Jos\u00e9 de seus altares e foram\u2026 Foram treze dias e treze noites que pareciam intermin\u00e1veis num pau de arara de t\u00e1buas de madeira. A estrada que os levou para a grande metr\u00f3pole brasileira foi o primeiro caminho que Luiz In\u00e1cio percorreu para tornar-se \u201co cara\u201d que o mundo conhece.<\/p>\n<p>Para os retirantes, S\u00e3o Paulo era uma esp\u00e9cie de terra prometida, um lugar para ser luz, a luz no fim do t\u00fanel. Era&#8230; Lula n\u00e3o demorou para descobrir que ali nem todos s\u00e3o iguais debaixo do sol.<\/p>\n<p>O oper\u00e1rio Luiz In\u00e1cio da Silva tinha uma hist\u00f3ria muito parecida com a da maioria dos centenas de milhares de \u201ccompanheiros\u201d. Depois de uma inf\u00e2ncia impiedosa, Lula, segundo as pr\u00f3prias palavras, ganhou a \u201cchave do para\u00edso\u201d, quando recebeu o diploma do Senai. Torneiro mec\u00e2nico de verdade, profissional de papel passado, sentiu-se um artista. Aquele que transforma um disforme bloco de a\u00e7o em uma \u201cobra de arte\u201d. Aos olhos da fam\u00edlia, dos amigos, dos vizinhos e, principalmente, das garotas, o macac\u00e3o virou motivo de orgulho.<\/p>\n<p>Nos anos de chumbo, virou motivo de persegui\u00e7\u00e3o.<\/p>\n<p>Um dos alvos dos militares ao tomar o poder foi o movimento oper\u00e1rio. Sob a alfange do AI-5, o marechal Costa e Silva determinou que os ditos \u201ccrimes contra a seguran\u00e7a nacional\u201d fossem julgados pelos pr\u00f3prios militares. Uma forma de prevenir qualquer ousadia reivindicat\u00f3ria. Mesmo com a repress\u00e3o violenta e, apesar da relut\u00e2ncia inicial, Lula entrou para a luta sindical e tomou gosto por aquela agita\u00e7\u00e3o permanente. Essa trajet\u00f3ria foi elemento importante para Lula enfrentar a trag\u00e9dia da viuvez e da morte de dona Lindu.<\/p>\n<p>O sindicato adquiriu ent\u00e3o caracter\u00edsticas de um lar, de guardi\u00e3o sentinela dos direitos da \u201cpe\u00e3ozada\u201d. O objeto das preocupa\u00e7\u00f5es era o da maioria da popula\u00e7\u00e3o do ABC: sal\u00e1rio. Os \u00faltimos anos da d\u00e9cada de 70 foram t\u00e3o intensos que Lula s\u00f3 tinha tempo para comandar uma greve atr\u00e1s da outra e idealizar um novo partido pol\u00edtico no Brasil; algo que nunca existiu no pa\u00eds: uma uni\u00e3o de trabalhadores.<\/p>\n<p>A lideran\u00e7a pol\u00edtica de Lula marcou definitivamente a hist\u00f3ria do Brasil. Eleito deputado constituinte e presidente da Rep\u00fablica, Luiz In\u00e1cio subiu ao Pal\u00e1cio do Planalto ap\u00f3s receber mais de 52 milh\u00f5es de votos. Alguns dir\u00e3o que ele bancou o camale\u00e3o, disfar\u00e7ando de verde e amarelo sua colora\u00e7\u00e3o essencialmente vermelha. A t\u00e1tica eleitoral deu certo e trouxe para seu eleitorado setores da popula\u00e7\u00e3o que antes o encaravam com temor e preconceito. A estrela brilhou e subiu! A esperan\u00e7a venceu o medo!<\/p>\n<p>Desde onde veio e at\u00e9 onde chegou, Lula havia se comprometido a ajudar os mais necessitados. E assim o fez. O Estado promoveu uma distribui\u00e7\u00e3o de renda ampla, conseguindo a maior redu\u00e7\u00e3o da pobreza na hist\u00f3ria brasileira. Alunos de fam\u00edlias menos favorecidas, que nunca teriam a chance de ir al\u00e9m do Ensino M\u00e9dio, puderam contar com bolsas para ingressar no Ensino Superior. A energia el\u00e9trica passou a chegar nos lugares mais long\u00ednquos. O pa\u00eds saiu do mapa mundial da fome.<\/p>\n<p>A pir\u00e2mide social do Brasil mudou de cara.<\/p>\n<p>Empregadas dom\u00e9sticas, porteiros e trabalhadores bra\u00e7ais, praticamente toda a \u201cral\u00e9\u201d, come\u00e7aram a adquirir bens de consumo &#8211; at\u00e9 ent\u00e3o privil\u00e9gio dos \u201cinstru\u00eddos\u201d. Para boa parte da elite, tudo isso irritava profundamente: a \u201csubida\u201d de funcion\u00e1rios aparentava que eles estavam \u201cdescendo\u201d. Por isso que o contar do tempo para um futuro melhor parou, for\u00e7adamente. Uma era de sombras, de incertezas, de retrocessos e desmontes voltou a atrasar o desenvolvimento social da na\u00e7\u00e3o.<\/p>\n<p>Mas ainda que todas as flores tenham sido arrancadas, uma por uma, p\u00e9tala por p\u00e9tala, o tempo do replantio e da primavera sempre h\u00e1 de chegar. E a primavera j\u00e1 chegou.<\/p>\n<p>Ideias n\u00e3o se aprisionam. Nem morrem. Servem para desmascarar o patriotismo antipatri\u00f3tico dos que conspiram contra a p\u00e1tria. O maior legado do lulismo ser\u00e1 sempre o enfrentamento para um novo regime de pol\u00edticas p\u00fablicas voltadas ao trabalhador e \u00e0 redu\u00e7\u00e3o da pobreza.<\/p>\n<p>Nada do que Lula fez, ele fez sozinho. Sua lideran\u00e7a nasceu, cresceu e se consolidou como express\u00e3o de um andar junto. Ele faz jus e orgulha sua heran\u00e7a materna. Para Dona Lindu e os filhos que sabiam muito pouco, quase nada, sobre o pa\u00eds onde moravam, as p\u00e1ginas da hist\u00f3ria do Brasil registram este fruto do seu ventre: Luiz In\u00e1cio Lula da Silva.<\/p>\n<p>Hoje a alegria toma posse dessa Avenida de bra\u00e7os dados com a esperan\u00e7a&#8230;<\/p>\n<p>Don\u2019t you like this?<br \/>\nTexto e pesquisa: Igor Ricardo Carnavalesco: Tiago Martins<\/p>\n<p>Agradecimentos: Aydano Andr\u00e9 Motta, Fernando Morais (bi\u00f3grafo), Nelson Breve e Ricardo Kotscho (ex-assessores), Frei Betto e Clara Ant (amigos de longa data).<\/p>\n<p>Refer\u00eancias bibliogr\u00e1ficas:<\/p>\n<p>ANT, Clara. Quatro d\u00e9cadas com Lula: o poder de andar junto. Belo Horizonte: Aut\u00eantica, 2022. BETTO, Frei. Lula, um oper\u00e1rio na presid\u00eancia. S\u00e3o Paulo: Casa Amarela, 2002.<\/p>\n<p>LULA. Luiz In\u00e1cio da Silva. A verdade vencer\u00e1: o povo sabe por que me condenam. S\u00e3o Paulo: Boitempo Editorial, 2019.<\/p>\n<p>MORAIS, Fernando. Lula: biografia. S\u00e3o Paulo: Companhia das Letras, 2021. PARAN\u00c1, Denise. Lula &#8211; o filho do Brasil. S\u00e3o Paulo: Funda\u00e7\u00e3o Perseu Abramo, 2009.<\/p>\n","protected":false},"excerpt":{"rendered":"<p>Acad\u00eamicos de Niter\u00f3i divulga logo e sinopse do enredo sobre Lula A Acad\u00eamicos de Niter\u00f3i divulgou a sinopse e logo oficial do seu enredo para o carnaval de 2026. A estreante no Grupo Especial levar\u00e1 para a Marqu\u00eas de Sapuca\u00ed uma homenagem a Luiz In\u00e1cio Lula da Silva com o enredo &#8220;Do alto do mulungu [&hellip;]<\/p>\n","protected":false},"author":1,"featured_media":3285,"comment_status":"closed","ping_status":"closed","sticky":false,"template":"","format":"standard","meta":{"footnotes":""},"categories":[12],"tags":[],"class_list":["post-3284","post","type-post","status-publish","format-standard","has-post-thumbnail","hentry","category-grupo-especial"],"_links":{"self":[{"href":"https:\/\/mundodocarnaval.com.br\/pt_br\/wp-json\/wp\/v2\/posts\/3284","targetHints":{"allow":["GET"]}}],"collection":[{"href":"https:\/\/mundodocarnaval.com.br\/pt_br\/wp-json\/wp\/v2\/posts"}],"about":[{"href":"https:\/\/mundodocarnaval.com.br\/pt_br\/wp-json\/wp\/v2\/types\/post"}],"author":[{"embeddable":true,"href":"https:\/\/mundodocarnaval.com.br\/pt_br\/wp-json\/wp\/v2\/users\/1"}],"replies":[{"embeddable":true,"href":"https:\/\/mundodocarnaval.com.br\/pt_br\/wp-json\/wp\/v2\/comments?post=3284"}],"version-history":[{"count":1,"href":"https:\/\/mundodocarnaval.com.br\/pt_br\/wp-json\/wp\/v2\/posts\/3284\/revisions"}],"predecessor-version":[{"id":3286,"href":"https:\/\/mundodocarnaval.com.br\/pt_br\/wp-json\/wp\/v2\/posts\/3284\/revisions\/3286"}],"wp:featuredmedia":[{"embeddable":true,"href":"https:\/\/mundodocarnaval.com.br\/pt_br\/wp-json\/wp\/v2\/media\/3285"}],"wp:attachment":[{"href":"https:\/\/mundodocarnaval.com.br\/pt_br\/wp-json\/wp\/v2\/media?parent=3284"}],"wp:term":[{"taxonomy":"category","embeddable":true,"href":"https:\/\/mundodocarnaval.com.br\/pt_br\/wp-json\/wp\/v2\/categories?post=3284"},{"taxonomy":"post_tag","embeddable":true,"href":"https:\/\/mundodocarnaval.com.br\/pt_br\/wp-json\/wp\/v2\/tags?post=3284"}],"curies":[{"name":"wp","href":"https:\/\/api.w.org\/{rel}","templated":true}]}}