{"id":3292,"date":"2025-08-05T18:41:14","date_gmt":"2025-08-05T21:41:14","guid":{"rendered":"https:\/\/mundodocarnaval.com.br\/?p=3292"},"modified":"2025-08-05T18:41:15","modified_gmt":"2025-08-05T21:41:15","slug":"tatiana-breia-recebe-grandes-nomes-do-carnaval-em-semifinal-de-sambas-na-uniao-da-ilha","status":"publish","type":"post","link":"https:\/\/mundodocarnaval.com.br\/pt_br\/tatiana-breia-recebe-grandes-nomes-do-carnaval-em-semifinal-de-sambas-na-uniao-da-ilha\/","title":{"rendered":"Tatiana Breia recebe grandes nomes do carnaval em semifinal de sambas na Uni\u00e3o da Ilha"},"content":{"rendered":"<p>Tatiana Breia recebe grandes nomes do carnaval em semifinal de sambas na Uni\u00e3o da Ilha<\/p>\n<p>Em uma noite marcada por samba, alegria e reencontros, a musa da Uni\u00e3o da Ilha, Tatiana Breia, promoveu um animado encontro em seu camarote na quadra da agremia\u00e7\u00e3o insulana. A ocasi\u00e3o coincidiu com a semifinal da disputa de sambas do Carnaval 2026 e coroa\u00e7\u00e3o da rainha de bateria Gracyanne Barbosa, e Tatiana, conhecida como a musa da educa\u00e7\u00e3o, fez quest\u00e3o de reunir amigos e personalidades do mundo do samba para prestigiar o evento.<\/p>\n<p>Sempre dentro do enredo da escola, que este ano traz o tema &#8220;Viva o hoje! O amanh\u00e3? Fica pra depois&#8221;, inspirado na passagem do Cometa Halley, Tatiana optou por um look preto e prata com brilho e estrelas, mergulhando de vez na atmosfera c\u00f3smica proposta pela Uni\u00e3o da Ilha. A beldade tamb\u00e9m j\u00e1 promete uma nova produ\u00e7\u00e3o para a grande final da escola.<\/p>\n<p>\u2014 A Uni\u00e3o da Ilha \u00e9 minha segunda casa, \u00e9 uma fam\u00edlia. Com a correria do dia a dia, muitas vezes n\u00e3o conseguimos nos encontrar com os amigos do carnaval. Por isso, decidi reunir todo mundo aqui, para uma noite especial, de confraterniza\u00e7\u00e3o e samba \u2014 destacou Tatiana.<\/p>\n<p>Entre os convidados que marcaram presen\u00e7a, estavam Vanessa Rangeli, rainha de bateria da Acad\u00eamicos de Niter\u00f3i; Quit\u00e9ria Chagas, rainha de bateria do Imp\u00e9rio Serrano; Lili Tud\u00e3o, musa da Est\u00e1cio de S\u00e1; John Avelino, rei de bateria da Uni\u00e3o de Jacarepagu\u00e1; e M\u00e1rcia Abdalla, diretora social da Liga RJ.<\/p>\n<p>Fotos: RMello Produ\u00e7\u00f5es \/ Divulga\u00e7\u00e3o Gardel Assessoria<\/p>\n","protected":false},"excerpt":{"rendered":"<p>Tatiana Breia recebe grandes nomes do carnaval em semifinal de sambas na Uni\u00e3o da Ilha Em uma noite marcada por samba, alegria e reencontros, a musa da Uni\u00e3o da Ilha, Tatiana Breia, promoveu um animado encontro em seu camarote na quadra da agremia\u00e7\u00e3o insulana. A ocasi\u00e3o coincidiu com a semifinal da disputa de sambas do [&hellip;]<\/p>\n","protected":false},"author":1,"featured_media":3293,"comment_status":"closed","ping_status":"closed","sticky":false,"template":"","format":"standard","meta":{"footnotes":""},"categories":[13],"tags":[],"class_list":["post-3292","post","type-post","status-publish","format-standard","has-post-thumbnail","hentry","category-fashion"],"_links":{"self":[{"href":"https:\/\/mundodocarnaval.com.br\/pt_br\/wp-json\/wp\/v2\/posts\/3292","targetHints":{"allow":["GET"]}}],"collection":[{"href":"https:\/\/mundodocarnaval.com.br\/pt_br\/wp-json\/wp\/v2\/posts"}],"about":[{"href":"https:\/\/mundodocarnaval.com.br\/pt_br\/wp-json\/wp\/v2\/types\/post"}],"author":[{"embeddable":true,"href":"https:\/\/mundodocarnaval.com.br\/pt_br\/wp-json\/wp\/v2\/users\/1"}],"replies":[{"embeddable":true,"href":"https:\/\/mundodocarnaval.com.br\/pt_br\/wp-json\/wp\/v2\/comments?post=3292"}],"version-history":[{"count":1,"href":"https:\/\/mundodocarnaval.com.br\/pt_br\/wp-json\/wp\/v2\/posts\/3292\/revisions"}],"predecessor-version":[{"id":3294,"href":"https:\/\/mundodocarnaval.com.br\/pt_br\/wp-json\/wp\/v2\/posts\/3292\/revisions\/3294"}],"wp:featuredmedia":[{"embeddable":true,"href":"https:\/\/mundodocarnaval.com.br\/pt_br\/wp-json\/wp\/v2\/media\/3293"}],"wp:attachment":[{"href":"https:\/\/mundodocarnaval.com.br\/pt_br\/wp-json\/wp\/v2\/media?parent=3292"}],"wp:term":[{"taxonomy":"category","embeddable":true,"href":"https:\/\/mundodocarnaval.com.br\/pt_br\/wp-json\/wp\/v2\/categories?post=3292"},{"taxonomy":"post_tag","embeddable":true,"href":"https:\/\/mundodocarnaval.com.br\/pt_br\/wp-json\/wp\/v2\/tags?post=3292"}],"curies":[{"name":"wp","href":"https:\/\/api.w.org\/{rel}","templated":true}]}}