{"id":3295,"date":"2025-08-05T18:49:45","date_gmt":"2025-08-05T21:49:45","guid":{"rendered":"https:\/\/mundodocarnaval.com.br\/?p=3295"},"modified":"2025-08-05T18:49:45","modified_gmt":"2025-08-05T21:49:45","slug":"confira-a-sinopse-do-enredo-2026-da-lins-imperial","status":"publish","type":"post","link":"https:\/\/mundodocarnaval.com.br\/pt_br\/confira-a-sinopse-do-enredo-2026-da-lins-imperial\/","title":{"rendered":"Confira a sinopse do enredo 2026 da Lins Imperial"},"content":{"rendered":"<p>Confira a sinopse do enredo 2026 da Lins Imperial <\/p>\n<p>Macau \u2013 No caminho das \u00e1guas cristalinas, reflete a alma da cria\u00e7\u00e3o \u00e9 o enredo da verde e rosa do Lins<\/p>\n<p>Nascedouro (Introdu\u00e7\u00e3o)<\/p>\n<p>Para o carnaval de 2026, a S.R.E.S. Lins Imperial encontra inspira\u00e7\u00e3o na \u00c1gua. Ela, divina, s\u00edmbolo de origem, mem\u00f3ria e perman\u00eancia. Em seu desenho geogr\u00e1fico natural, est\u00e1 registrada nos top\u00f4nimos de duas comunidades do Complexo do Lins: Cachoeira Grande e Cachoeirinha, estreitando a rela\u00e7\u00e3o da Lins Imperial com esse elemento sagrado. As \u00c1guas da Lins Imperial agora confluem com as Cristalinas de Cachoeiras de Macacu, uma vez que ser\u00e3o percorridos os trajetos que refletem a alma da cria\u00e7\u00e3o da cidade, por meio das cosmogonias dos Bantu e dos Puri e, afluentemente, expandindo-se em pr\u00e1ticas locais ligadas \u00e0 \u00c1gua, como aquelas das comunidades tradicionais, festividades populares e religiosas, al\u00e9m das iniciativas de preserva\u00e7\u00e3o ambiental.<\/p>\n<p>Macacu \u2014 No Caminho das \u00c1guas Cristalinas, reflete a Alma da Cria\u00e7\u00e3o<\/p>\n<p>No princ\u00edpio, tudo aqui era \u00c1gua. Imenso azul. Infinito cristalino. Sem Ela, Divina, reverenciada nas cosmogonias dos Bantu e dos Puri, n\u00e3o h\u00e1 origem. Ou mesmo porvir. \u00c9 a \u00c1gua quem risca o ch\u00e3o como quem escreve, na folha em branco, a vida; Escritora nossa de uma hist\u00f3ria sem fim (que nunca seca). \u00c9 fluida, mut\u00e1vel, f\u00e9rtil. E por Ela, \u201cah, de ser eu&#8230; \u00c1gua\u201d \u2026 Da cabe\u00e7a aos p\u00e9s. E me curvo ao \u201cAlcance o seu dizer. Ter \u00e1gua no corpo \u00e9 merecer \u201d.<\/p>\n<p>E \u00e9 Nela que mergulhamos para nos descobrir. Foi assim, desse mergulho, que a n\u00f3s se revelou: gestada do estado l\u00edquido, nasceu Macacu. Jorraram quedas d\u2019\u00c1gua, nossas cachoeiras. Tomaram o seu percurso os afluentes. Desaguou-se a exist\u00eancia, entranhando-se sob a terra \u2014 tornando-a fecunda \u2014, beijando as margens, a partir de onde habitamos, constru\u00edmos nossas hist\u00f3rias, partilhamos o dia a dia, organizamo-nos enquanto sociedade. Seguimos o fluxo das \u00c1guas que nos banham, emoldurado por uma natureza que veste a Serra com a presen\u00e7a de cedros, jatob\u00e1s, ip\u00eas coloridos, quaresmeiras e pitangueiras, orqu\u00eddeas e brom\u00e9lias, samambaias, arbustos e plantas medicinais de todas as sortes; mas tamb\u00e9m de lontras, muriquis, jaguatiricas, gatos-do-mato, sabi\u00e1s-laranjeiras, tucanos, calandrias, ara\u00e7\u00e1s, mariquitas e beija-flores. A vida floresce \u00e0 sua volta. \u00c9 a \u00c1gua quem costura os dias, desenha os caminhos e nos ensina o compasso do  agir.<\/p>\n<p>N\u00e3o h\u00e1 cotidiano aqui que n\u00e3o passe pela \u00c1gua. Entendemos que viver \u2014 e n\u00e3o apenas existir \u2014 \u00e9 acompanhar o ritmo das correntes. Da etnografia do Mar pra Dentro \u00e9 s\u00f3 \u00c1gua: a florescer a taboa, a lavar as roupas, a macerar as ervas, a regar o matumbo, a sacralizar o banho, a limpar as m\u00e3os benditas, a emergir o sustento o sustento de muitas fam\u00edlias. E tudo isso sob a sentinela da Igreja de Sant\u2019Anna, matriz da nossa cidade, erguida \u00e0 margem do caminho de nossas \u00c1guas. A \u00c1gua nos atravessa a todo tempo, a todo instante. E \u00e9 por isso que nela mergulhamos fundo \u2014 sempre \u2014, porque Ela que nos constitui.<\/p>\n<p>Tal qual a \u00c1gua, que, por sua natureza adapt\u00e1vel, ora \u00e9 doce, ora salgada; algumas vezes lenta, outras, violenta; por vezes escura, outras, transl\u00facida, nossas tradi\u00e7\u00f5es, que nos marcam, tamb\u00e9m s\u00e3o muitas. Somos corpos que celebram a \u00c1gua \u2014 nossa origem, nossa travessia, nossa perman\u00eancia. Nossos batuques despertam como sinfonia o pulso das correntezas. Na prociss\u00e3o \u00e0 Imaculada Concei\u00e7\u00e3o, acompanhamos o rio enquanto entoamos a Ave Maria, num cortejo que percorre o entorno das \u00c1guas, levando-nos aos dom\u00ednios da Santa S\u00e9. O balan\u00e7o ritmado em ijex\u00e1 reflete a devo\u00e7\u00e3o do povo de Santo que canta que nesta cidade todo mundo \u00e9 D\u2019Oxum \u2014 Essa que \u201cquando pisou a terra, fez a vida tocar o mundo\u201d . Os foli\u00f5es entram nas \u00c1guas, fantasiados, pois se vestir de alegria exige mergulhar na correnteza de felicidade. No esplendor vibrante do Carnaval das \u00c1guas Cristalinas, o AfroFolia faz a lavagem das ruas purificando a cidade. Somos um rio caudaloso de cores, sons e alegria, que inunda cada esquina com energia contagiante. A vida se celebra aqui, pois a \u00c1gua enche de sentido nossa exist\u00eancia.<\/p>\n<p>As nossas \u00c1guas, numa dan\u00e7a de movimentos que se anuncia nas cristas da serra buscando o ref\u00fagio do oceano, cortando o horizonte que se dissolve no verde dos montes mesclado \u00e0 alvorada rosa, enfrenta, no curso, desafios. No seu caminho, h\u00e1 muitos desvios. Surgem m\u00e3os que ferem, que desmatam, que desviam, que secam. O seu percurso sinuoso se v\u00ea interrompido por assoreamentos, estiagens, barragens. Eis o fluxo da vida em risco. Quando a \u00c1gua adoece, adoecemos com ela. Quando Ela \u00e9 ferida, \u00e9 a nossa perman\u00eancia que est\u00e1 em risco. Talvez n\u00e3o h\u00e1 de se romper um novo amanh\u00e3\u2026<\/p>\n<p>Mas h\u00e1 de haver quem novamente vigie o leito. H\u00e1 de haver quem (re)plante. H\u00e1 de haver os que desfa\u00e7am as barragens, possibilitando que o rio siga o seu curso. Isso s\u00f3 ser\u00e1 poss\u00edvel se, como um dia nos ensinaram nossos ancestrais, voltarmos a divinizar a nossa \u00c1gua, a v\u00ea-la como sagrada. \u00c9 preciso olhar para aquilo que fazemos por Ela, e n\u00e3o contra Ela.<\/p>\n<p>Enquanto houver jequitib\u00e1s e sapucaieiras testemunhando a nossa hist\u00f3ria, haver\u00e1 mem\u00f3ria. Enquanto houver \u00c1gua, haver\u00e1 caminho. Enquanto houver caminho, haver\u00e1 retorno. E que, ao fim de tudo, quando todo mundo se esquecer de si, ser\u00e1 Ela \u2014 a \u00c1gua \u2014 Quem nos lembrar\u00e1 de novo como (re)come\u00e7ar.<\/p>\n<p>Enredistas: Kitalesi (Arnaldo C\u00e9sar Roque) e Mateus Pranto<\/p>\n<p>Carnavalescos: Agnaldo Correia e Edgley Correa<\/p>\n<p>Pesquisa, texto e desenvolvimento: Kitalesi (Arnaldo C\u00e9sar Roque) e Mateus Pranto<\/p>\n<p>Agradecemos a Ekedy Lucinha Pessoa e ao Il\u00ea Ax\u00e9 Omin, aos artes\u00e3os Divino Soares e Marta da Silva Lopes Soares, \u00e0 professora Celeida Rocha, ao historiador Vin\u00edcius Maia, a L\u00edbia Figueira, ao R\u00f4mulo Rolandi, a Gleidson Moraes, ao secret\u00e1rio de cultura Lucas Bueno e ao prefeito Rafael Miranda, pelo tempo disposto para compartilhar conosco a respeito daquilo que tanto os encantam: Cachoeiras de Macacu e as suas \u00c1guas Cristalinas, reflexo e encanto que nasce da pr\u00f3pria natureza.<\/p>\n<p>Obras consultadas<\/p>\n<p>As hist\u00f3rias do Rio, Macacu. Dispon\u00edvel em: <https:\/\/youtu.be\/-4s5sVR05HQ?si=D0BjvjHk5BWGQ8ls>.<\/p>\n<p>Document\u00e1rio Estrelas da Terra. Dispon\u00edvel em: <https:\/\/youtu.be\/yj2fJgL_Nmo?feature=shared>.<\/p>\n<p>Document\u00e1rio Estrelas da Terra II. Dispon\u00edvel em: <https:\/\/youtu.be\/8lvw2CkLIsE?si=w_KBYCDSgkXI6sCw>.<\/p>\n<p>Grupo Cultural Orgulho Negro de Cachoeiras de Macacu (RJ). H\u00e1 muitas m\u00e3es. (document\u00e1rio). Dispon\u00edvel em: <www.youtube.com\/watch?v=duhMaGTqje4>.<\/p>\n<p>Guapia\u00e7u, da nascente ao mar. Dispon\u00edvel em: <https:\/\/projetoguapiacu.org\/wp-content\/uploads\/2023\/02\/Livro-REDAGUA_WEB.pdf>.<\/p>\n<p>KRENAK, Ailton. Futuro Ancestral. Companhia das Letras, 2022.<\/p>\n<p>KRENAK, Ailton. Ideias para adiar o fim do mundo. Companhia das Letras, 2020.<\/p>\n<p>Lei do Sistema Municipal de Cultura. Dispon\u00edvel em: <www.cachoeirasdemacacu.rj.leg.br\/banco-de-legislacoes-e-normas\/legislacao-municipal\/leis-ordinarias\/2012\/lei1920.pdf>.<\/p>\n<p>NETO, Jo\u00e3o Augusto dos Reis. Pensar-Viver-\u00c1gua em Oxum para (re)encantar o mundo. Revista Calundu, vol.4, n.2, Jul-Dez 2020.<\/p>\n<p>Paola Od\u00f3nil\u00e8. \u00d2p\u00e1r\u00e1 de \u00d2s\u00f9n: quando tudo nasce (curta).  Dispon\u00edvel em: <www.youtube.com\/watch?v=G9oueZFnNB8>.<\/p>\n<p>Reportagem da TV Globo sobre a comunidade tradicional Hervana, localizada em Cachoeiras de Macacu. Dispon\u00edvel em: <https:\/\/youtu.be\/q22TcPl_oZk?si=B8IXXpj1TZ3-nnmm>.<\/p>\n<p>A Lins ser\u00e1 a 12\u00aa a desfilar, no domingo de carnaval, 15 de fevereiro de 2026 pela S\u00e9rie Prata do carnaval carioca.<\/p>\n<p>Logo: Renan Lima<\/p>\n","protected":false},"excerpt":{"rendered":"<p>Confira a sinopse do enredo 2026 da Lins Imperial Macau \u2013 No caminho das \u00e1guas cristalinas, reflete a alma da cria\u00e7\u00e3o \u00e9 o enredo da verde e rosa do Lins Nascedouro (Introdu\u00e7\u00e3o) Para o carnaval de 2026, a S.R.E.S. Lins Imperial encontra inspira\u00e7\u00e3o na \u00c1gua. Ela, divina, s\u00edmbolo de origem, mem\u00f3ria e perman\u00eancia. Em seu [&hellip;]<\/p>\n","protected":false},"author":1,"featured_media":3296,"comment_status":"closed","ping_status":"closed","sticky":false,"template":"","format":"standard","meta":{"footnotes":""},"categories":[14],"tags":[],"class_list":["post-3295","post","type-post","status-publish","format-standard","has-post-thumbnail","hentry","category-gadgets"],"_links":{"self":[{"href":"https:\/\/mundodocarnaval.com.br\/pt_br\/wp-json\/wp\/v2\/posts\/3295","targetHints":{"allow":["GET"]}}],"collection":[{"href":"https:\/\/mundodocarnaval.com.br\/pt_br\/wp-json\/wp\/v2\/posts"}],"about":[{"href":"https:\/\/mundodocarnaval.com.br\/pt_br\/wp-json\/wp\/v2\/types\/post"}],"author":[{"embeddable":true,"href":"https:\/\/mundodocarnaval.com.br\/pt_br\/wp-json\/wp\/v2\/users\/1"}],"replies":[{"embeddable":true,"href":"https:\/\/mundodocarnaval.com.br\/pt_br\/wp-json\/wp\/v2\/comments?post=3295"}],"version-history":[{"count":1,"href":"https:\/\/mundodocarnaval.com.br\/pt_br\/wp-json\/wp\/v2\/posts\/3295\/revisions"}],"predecessor-version":[{"id":3297,"href":"https:\/\/mundodocarnaval.com.br\/pt_br\/wp-json\/wp\/v2\/posts\/3295\/revisions\/3297"}],"wp:featuredmedia":[{"embeddable":true,"href":"https:\/\/mundodocarnaval.com.br\/pt_br\/wp-json\/wp\/v2\/media\/3296"}],"wp:attachment":[{"href":"https:\/\/mundodocarnaval.com.br\/pt_br\/wp-json\/wp\/v2\/media?parent=3295"}],"wp:term":[{"taxonomy":"category","embeddable":true,"href":"https:\/\/mundodocarnaval.com.br\/pt_br\/wp-json\/wp\/v2\/categories?post=3295"},{"taxonomy":"post_tag","embeddable":true,"href":"https:\/\/mundodocarnaval.com.br\/pt_br\/wp-json\/wp\/v2\/tags?post=3295"}],"curies":[{"name":"wp","href":"https:\/\/api.w.org\/{rel}","templated":true}]}}