{"id":3298,"date":"2025-08-05T18:55:59","date_gmt":"2025-08-05T21:55:59","guid":{"rendered":"https:\/\/mundodocarnaval.com.br\/?p=3298"},"modified":"2025-08-05T18:55:59","modified_gmt":"2025-08-05T21:55:59","slug":"presidente-lula-recebe-camisa-da-academicos-de-niteroi","status":"publish","type":"post","link":"https:\/\/mundodocarnaval.com.br\/pt_br\/presidente-lula-recebe-camisa-da-academicos-de-niteroi\/","title":{"rendered":"Presidente Lula recebe camisa da Acad\u00eamicos de Niter\u00f3i"},"content":{"rendered":"<p>Presidente Lula recebe camisa da Acad\u00eamicos de Niter\u00f3i <\/p>\n<p>Luiz In\u00e1cio Lula da Silva recebeu a camisa da Acad\u00eamicos de Niter\u00f3i, na noite deste domingo, 03. O Presidente do Brasil ser\u00e1 enredo da agremia\u00e7\u00e3o no carnaval de 2026, no Grupo Especial carioca. A entrega foi feita no 17\u00aa Encontro Nacional do Partidos dos Trabalhadores, em Bras\u00edlia, pelo presidente de honra da escola, Anderson Pipico.<\/p>\n<p>Desenvolvido pelo carnavalesco Tiago Martins e o enredista Igor Ricardo, o tema &#8220;Do alto do mulungu surge a esperan\u00e7a: Lula, o oper\u00e1rio do Brasil&#8221; narrar\u00e1 a trajet\u00f3ria de vida do ex-oper\u00e1rio que se tornou Presidente do Brasil. A agremia\u00e7\u00e3o abrir\u00e1 os desfiles do domingo de carnaval, 15 de fevereiro, na Marqu\u00eas de Sapuca\u00ed.<\/p>\n<p>Foto: Ricardo Stuckert<\/p>\n","protected":false},"excerpt":{"rendered":"<p>Presidente Lula recebe camisa da Acad\u00eamicos de Niter\u00f3i Luiz In\u00e1cio Lula da Silva recebeu a camisa da Acad\u00eamicos de Niter\u00f3i, na noite deste domingo, 03. O Presidente do Brasil ser\u00e1 enredo da agremia\u00e7\u00e3o no carnaval de 2026, no Grupo Especial carioca. A entrega foi feita no 17\u00aa Encontro Nacional do Partidos dos Trabalhadores, em Bras\u00edlia, [&hellip;]<\/p>\n","protected":false},"author":1,"featured_media":3299,"comment_status":"closed","ping_status":"closed","sticky":false,"template":"","format":"standard","meta":{"footnotes":""},"categories":[12],"tags":[],"class_list":["post-3298","post","type-post","status-publish","format-standard","has-post-thumbnail","hentry","category-grupo-especial"],"_links":{"self":[{"href":"https:\/\/mundodocarnaval.com.br\/pt_br\/wp-json\/wp\/v2\/posts\/3298","targetHints":{"allow":["GET"]}}],"collection":[{"href":"https:\/\/mundodocarnaval.com.br\/pt_br\/wp-json\/wp\/v2\/posts"}],"about":[{"href":"https:\/\/mundodocarnaval.com.br\/pt_br\/wp-json\/wp\/v2\/types\/post"}],"author":[{"embeddable":true,"href":"https:\/\/mundodocarnaval.com.br\/pt_br\/wp-json\/wp\/v2\/users\/1"}],"replies":[{"embeddable":true,"href":"https:\/\/mundodocarnaval.com.br\/pt_br\/wp-json\/wp\/v2\/comments?post=3298"}],"version-history":[{"count":1,"href":"https:\/\/mundodocarnaval.com.br\/pt_br\/wp-json\/wp\/v2\/posts\/3298\/revisions"}],"predecessor-version":[{"id":3300,"href":"https:\/\/mundodocarnaval.com.br\/pt_br\/wp-json\/wp\/v2\/posts\/3298\/revisions\/3300"}],"wp:featuredmedia":[{"embeddable":true,"href":"https:\/\/mundodocarnaval.com.br\/pt_br\/wp-json\/wp\/v2\/media\/3299"}],"wp:attachment":[{"href":"https:\/\/mundodocarnaval.com.br\/pt_br\/wp-json\/wp\/v2\/media?parent=3298"}],"wp:term":[{"taxonomy":"category","embeddable":true,"href":"https:\/\/mundodocarnaval.com.br\/pt_br\/wp-json\/wp\/v2\/categories?post=3298"},{"taxonomy":"post_tag","embeddable":true,"href":"https:\/\/mundodocarnaval.com.br\/pt_br\/wp-json\/wp\/v2\/tags?post=3298"}],"curies":[{"name":"wp","href":"https:\/\/api.w.org\/{rel}","templated":true}]}}