{"id":3301,"date":"2025-08-05T19:05:39","date_gmt":"2025-08-05T22:05:39","guid":{"rendered":"https:\/\/mundodocarnaval.com.br\/?p=3301"},"modified":"2025-08-05T19:05:39","modified_gmt":"2025-08-05T22:05:39","slug":"coreografo-george-louzada-brilha-em-turne-pela-europa","status":"publish","type":"post","link":"https:\/\/mundodocarnaval.com.br\/pt_br\/coreografo-george-louzada-brilha-em-turne-pela-europa\/","title":{"rendered":"Core\u00f3grafo George Louzada brilha em turn\u00ea pela Europa"},"content":{"rendered":"<p>Core\u00f3grafo George Louzada brilha em turn\u00ea pela Europa<\/p>\n<p>O core\u00f3grafo e diretor art\u00edstico da Mocidade Independente de Padre Miguel, George Louzada, finalizou no dia 31 de julho uma bem-sucedida turn\u00ea internacional pela Europa, promovendo a cultura do samba por sete pa\u00edses : Alemanha, Irlanda, Fran\u00e7a, Portugal, Espanha, Holanda e Inglaterra , ao longo de dois intensos meses.<\/p>\n<p>Organizada pela empresa francesa Samambaia Eventos, a turn\u00ea envolveu aulas e viv\u00eancias com cerca de 300 alunos, entre homens e mulheres, al\u00e9m de participa\u00e7\u00f5es em grandes eventos como o Carnaval de Berlim, o Mega Samba Festival em Sesimbra (Portugal) , considerado o maior festival de samba da Europa e o prestigiado Carnaval Tropical de Paris (Fran\u00e7a), onde George desenvolveu um trabalho conjunto com a core\u00f3grafa Lucile Delliere. O projeto, voltado para a prepara\u00e7\u00e3o de 42 dan\u00e7arinas locais, teve foco na curadoria art\u00edstica, aperfei\u00e7oamento t\u00e9cnico, resist\u00eancia f\u00edsica e prepara\u00e7\u00e3o c\u00eanica, culminando com o pr\u00eamio de Melhor Coreografia do Carnaval de Paris 2025.<\/p>\n<p>\u201cA experi\u00eancia foi incr\u00edvel. Poder ser mais uma extens\u00e3o da nossa cultura na Europa e ver as barreiras sendo rompidas pelo samba revigora nossas energias\u201d, destacou George Louzada.<\/p>\n<p>Agora de volta ao Brasil, o diretor da consagrada Ala de Passistas da Mocidade , uma das mais premiadas do carnaval carioca , retoma os trabalhos na quadra com a audi\u00e7\u00e3o aberta para novos integrantes, com vagas para ambos os sexos. A sele\u00e7\u00e3o ser\u00e1 realizada no dia 15 de agosto, \u00e0s 21h, na Quadra da Vint\u00e9m.<\/p>\n<p>As inscri\u00e7\u00f5es s\u00e3o solid\u00e1rias, mediante a doa\u00e7\u00e3o de 1kg de alimento n\u00e3o perec\u00edvel, que ser\u00e1 destinado a institui\u00e7\u00f5es de caridade parceiras da escola.<\/p>\n","protected":false},"excerpt":{"rendered":"<p>Core\u00f3grafo George Louzada brilha em turn\u00ea pela Europa O core\u00f3grafo e diretor art\u00edstico da Mocidade Independente de Padre Miguel, George Louzada, finalizou no dia 31 de julho uma bem-sucedida turn\u00ea internacional pela Europa, promovendo a cultura do samba por sete pa\u00edses : Alemanha, Irlanda, Fran\u00e7a, Portugal, Espanha, Holanda e Inglaterra , ao longo de dois [&hellip;]<\/p>\n","protected":false},"author":1,"featured_media":3302,"comment_status":"closed","ping_status":"closed","sticky":false,"template":"","format":"standard","meta":{"footnotes":""},"categories":[11],"tags":[],"class_list":["post-3301","post","type-post","status-publish","format-standard","has-post-thumbnail","hentry","category-noticias"],"_links":{"self":[{"href":"https:\/\/mundodocarnaval.com.br\/pt_br\/wp-json\/wp\/v2\/posts\/3301","targetHints":{"allow":["GET"]}}],"collection":[{"href":"https:\/\/mundodocarnaval.com.br\/pt_br\/wp-json\/wp\/v2\/posts"}],"about":[{"href":"https:\/\/mundodocarnaval.com.br\/pt_br\/wp-json\/wp\/v2\/types\/post"}],"author":[{"embeddable":true,"href":"https:\/\/mundodocarnaval.com.br\/pt_br\/wp-json\/wp\/v2\/users\/1"}],"replies":[{"embeddable":true,"href":"https:\/\/mundodocarnaval.com.br\/pt_br\/wp-json\/wp\/v2\/comments?post=3301"}],"version-history":[{"count":1,"href":"https:\/\/mundodocarnaval.com.br\/pt_br\/wp-json\/wp\/v2\/posts\/3301\/revisions"}],"predecessor-version":[{"id":3303,"href":"https:\/\/mundodocarnaval.com.br\/pt_br\/wp-json\/wp\/v2\/posts\/3301\/revisions\/3303"}],"wp:featuredmedia":[{"embeddable":true,"href":"https:\/\/mundodocarnaval.com.br\/pt_br\/wp-json\/wp\/v2\/media\/3302"}],"wp:attachment":[{"href":"https:\/\/mundodocarnaval.com.br\/pt_br\/wp-json\/wp\/v2\/media?parent=3301"}],"wp:term":[{"taxonomy":"category","embeddable":true,"href":"https:\/\/mundodocarnaval.com.br\/pt_br\/wp-json\/wp\/v2\/categories?post=3301"},{"taxonomy":"post_tag","embeddable":true,"href":"https:\/\/mundodocarnaval.com.br\/pt_br\/wp-json\/wp\/v2\/tags?post=3301"}],"curies":[{"name":"wp","href":"https:\/\/api.w.org\/{rel}","templated":true}]}}