{"id":3304,"date":"2025-08-05T19:13:51","date_gmt":"2025-08-05T22:13:51","guid":{"rendered":"https:\/\/mundodocarnaval.com.br\/?p=3304"},"modified":"2025-08-05T19:13:51","modified_gmt":"2025-08-05T22:13:51","slug":"salgueiro-realiza-nova-eliminatoria-de-samba-com-show-completo-neste-sabado","status":"publish","type":"post","link":"https:\/\/mundodocarnaval.com.br\/pt_br\/salgueiro-realiza-nova-eliminatoria-de-samba-com-show-completo-neste-sabado\/","title":{"rendered":"Salgueiro realiza nova eliminat\u00f3ria de samba com show completo neste s\u00e1bado"},"content":{"rendered":"<p>Salgueiro realiza nova eliminat\u00f3ria de samba com show completo neste s\u00e1bado, 9 de agosto<\/p>\n<p>Neste s\u00e1bado, 9 de agosto, a quadra do GRES Acad\u00eamicos do Salgueiro ser\u00e1 palco de mais uma etapa da eliminat\u00f3ria de samba-enredo para o Carnaval 2026. Desta vez, \u00e9 a Chave Branca que entra em cena com nove sambas concorrentes. Antes da disputa, o p\u00fablico poder\u00e1 curtir um show completo da escola, com carro de som, bateria Furiosa, casais de mestre-sala e porta-bandeira, passistas, baianas, velha guarda e apresenta\u00e7\u00e3o de maculel\u00ea.<\/p>\n<p>Os ingressos j\u00e1 est\u00e3o dispon\u00edveis no site da Guich\u00ea Web. Cada ingresso d\u00e1 direito \u00e0 entrada de um acompanhante.<\/p>\n<p>VALORES \u2013 1\u00ba LOTE:<br \/>\n\u2022 Pista: a partir de R$ 30<br \/>\n\u2022 Jirau: a partir de R$ 50<br \/>\n\u2022 Mesas (para 4 pessoas, com ingresso incluso): R$ 150<br \/>\n\u2022 Camarote Lateral (12 pessoas): R$ 700<br \/>\n\u2022 Camarote Frontal (12 pessoas): R$ 900<\/p>\n<p>Para quem estiver distante, a eliminat\u00f3ria ser\u00e1 transmitida ao vivo pelo canal Salgueiro TV no YouTube, a partir das 23h. <\/p>\n<p>A grande final da disputa est\u00e1 marcada para o dia 27 de setembro, s\u00e1bado, quando ser\u00e1 conhecido o hino oficial do Salgueiro para o pr\u00f3ximo Carnaval.<\/p>\n<p>O S\u00e1bado de Samba no Salgueiro conta com apoio dos parceiros Brahma, Guaracamp, Pit\u00fa, FM O Dia, Equiloc Loca\u00e7\u00f5es, Mercado Flamar, Caf\u00e9 3 Cora\u00e7\u00f5es e Criar Sign.<\/p>\n<p>A quadra do Salgueiro fica na Rua Silva Teles, 104, Andara\u00ed, Zona Norte do Rio.<\/p>\n<p>CARNAVAL 2026<br \/>\nNo pr\u00f3ximo desfile, o Salgueiro levar\u00e1 para a avenida o enredo \u201cA delirante jornada carnavalesca da professora que n\u00e3o tinha medo de bruxa, de bacalhau e nem do pirata da perna-de-pau\u201d, uma homenagem \u00e0 eterna carnavalesca Rosa Magalh\u00e3es, a maior campe\u00e3 da Sapuca\u00ed.<\/p>\n<p>Assinado por Jorge Silveira, em parceria com o curador Leonardo Antan, o enredo prop\u00f5e um cortejo l\u00fadico inspirado no universo criativo de Rosa, com passagens por bibliotecas encantadas, reinos imagin\u00e1rios e personagens dos contos de fadas, da mitologia e do folclore brasileiro.<\/p>\n<p>O Salgueiro encerrar\u00e1 os desfiles do Grupo Especial na ter\u00e7a-feira de Carnaval, dia 17 de fevereiro de 2026, fechando com chave de ouro a \u00faltima noite da folia na Marqu\u00eas de Sapuca\u00ed.<\/p>\n<p>SERVI\u00c7O \u2014 Eliminat\u00f3ria de Samba no Salgueiro \u2013 Chave Branca<\/p>\n<p>Data: S\u00e1bado, 9 de agosto de 2025<br \/>\nHor\u00e1rio: A partir das 20h30<br \/>\nLocal: Quadra do G.R.E.S. Acad\u00eamicos do Salgueiro<br \/>\nEndere\u00e7o: Rua Silva Teles, 104 \u2013 Andara\u00ed, Rio de Janeiro<\/p>\n<p>Ingressos (1\u00ba lote):<br \/>\n\u2022 Pista: a partir de R$ 30<br \/>\n\u2022 Jirau: a partir de R$ 50<br \/>\n\u2022 Mesa para 4 pessoas (com ingressos inclusos): R$ 150<br \/>\n\u2022 Camarote Lateral (12 pessoas): R$ 700<br \/>\n\u2022 Camarote Frontal (12 pessoas): R$ 900<\/p>\n<p>\u2013 Vendas pelo site: www.guicheweb.com.br<\/p>\n<p>Classifica\u00e7\u00e3o et\u00e1ria: 18 anos<br \/>\nRealiza\u00e7\u00e3o: G.R.E.S. Acad\u00eamicos do Salgueiro<br \/>\nApoio: Brahma, Guaracamp, Pit\u00fa, FM O Dia, Equiloc Loca\u00e7\u00f5es, Mercado Flamar, Caf\u00e9 3 Cora\u00e7\u00f5es e Criar Sign<\/p>\n","protected":false},"excerpt":{"rendered":"<p>Salgueiro realiza nova eliminat\u00f3ria de samba com show completo neste s\u00e1bado, 9 de agosto Neste s\u00e1bado, 9 de agosto, a quadra do GRES Acad\u00eamicos do Salgueiro ser\u00e1 palco de mais uma etapa da eliminat\u00f3ria de samba-enredo para o Carnaval 2026. Desta vez, \u00e9 a Chave Branca que entra em cena com nove sambas concorrentes. Antes [&hellip;]<\/p>\n","protected":false},"author":1,"featured_media":3305,"comment_status":"closed","ping_status":"closed","sticky":false,"template":"","format":"standard","meta":{"footnotes":""},"categories":[12],"tags":[],"class_list":["post-3304","post","type-post","status-publish","format-standard","has-post-thumbnail","hentry","category-grupo-especial"],"_links":{"self":[{"href":"https:\/\/mundodocarnaval.com.br\/pt_br\/wp-json\/wp\/v2\/posts\/3304","targetHints":{"allow":["GET"]}}],"collection":[{"href":"https:\/\/mundodocarnaval.com.br\/pt_br\/wp-json\/wp\/v2\/posts"}],"about":[{"href":"https:\/\/mundodocarnaval.com.br\/pt_br\/wp-json\/wp\/v2\/types\/post"}],"author":[{"embeddable":true,"href":"https:\/\/mundodocarnaval.com.br\/pt_br\/wp-json\/wp\/v2\/users\/1"}],"replies":[{"embeddable":true,"href":"https:\/\/mundodocarnaval.com.br\/pt_br\/wp-json\/wp\/v2\/comments?post=3304"}],"version-history":[{"count":1,"href":"https:\/\/mundodocarnaval.com.br\/pt_br\/wp-json\/wp\/v2\/posts\/3304\/revisions"}],"predecessor-version":[{"id":3306,"href":"https:\/\/mundodocarnaval.com.br\/pt_br\/wp-json\/wp\/v2\/posts\/3304\/revisions\/3306"}],"wp:featuredmedia":[{"embeddable":true,"href":"https:\/\/mundodocarnaval.com.br\/pt_br\/wp-json\/wp\/v2\/media\/3305"}],"wp:attachment":[{"href":"https:\/\/mundodocarnaval.com.br\/pt_br\/wp-json\/wp\/v2\/media?parent=3304"}],"wp:term":[{"taxonomy":"category","embeddable":true,"href":"https:\/\/mundodocarnaval.com.br\/pt_br\/wp-json\/wp\/v2\/categories?post=3304"},{"taxonomy":"post_tag","embeddable":true,"href":"https:\/\/mundodocarnaval.com.br\/pt_br\/wp-json\/wp\/v2\/tags?post=3304"}],"curies":[{"name":"wp","href":"https:\/\/api.w.org\/{rel}","templated":true}]}}