{"id":3307,"date":"2025-08-05T19:19:38","date_gmt":"2025-08-05T22:19:38","guid":{"rendered":"https:\/\/mundodocarnaval.com.br\/?p=3307"},"modified":"2025-08-05T19:19:38","modified_gmt":"2025-08-05T22:19:38","slug":"independentes-de-olaria-apresenta-novos-diretores-de-harmonia","status":"publish","type":"post","link":"https:\/\/mundodocarnaval.com.br\/pt_br\/independentes-de-olaria-apresenta-novos-diretores-de-harmonia\/","title":{"rendered":"Independentes de Olaria apresenta novos Diretores de Harmonia"},"content":{"rendered":"<p>Independentes de Olaria apresenta novos Diretores de Harmonia para o carnaval de 2026<\/p>\n<p>A Independentes de Olaria anunciou a dupla de diretores de harmonia para 2026. Rico e Nelson Marinho assumem o quesito rumo ao pr\u00f3ximo desfile na Intendente Magalh\u00e3es. Crias da casa, ambos t\u00eam a miss\u00e3o de conduzir a agremia\u00e7\u00e3o em busca do campeonato e uma vaga na S\u00e9rie Ouro no carnaval de 2027.<\/p>\n<p>Rico \u00e9 Produtor Cultural e Mestre de Cerim\u00f4nias. Iniciou sua trajet\u00f3ria na pr\u00f3pria Independentes de Olaria como apoio em 2023. Em 2024 entrou para a Harmonia da Escola e hoje tamb\u00e9m integra o time de Harmonia da nossa Madrinha da Imperatriz Leopoldinense. \u201cMinhas expectativas s\u00e3o as melhores poss\u00edveis. Sei do potencial do nosso time de harmonia que j\u00e1 \u00e9 forte e comprometido e acredito que, juntos, podemos elevar ainda mais o nosso desempenho. Quero somar, ouvir, construir coletivamente e manter vivo o esp\u00edrito aguerrido da nossa comunidade.\u201d<\/p>\n<p>Nelson Marinho j\u00e1 passou pela Vig\u00e1rio Geral, Acad\u00eamicos da Aboli\u00e7\u00e3o, Independentes de Olaria e atualmente tamb\u00e9m \u00e9 Diretor de Harmonia da Imperatriz Leopoldinense. \u201cMinha expectativa \u00e9 fazer um bom trabalho junto da harmonia para alcan\u00e7armos o t\u00e3o desejado grupo de acesso da Marqu\u00eas de Sapuca\u00ed\u201d<\/p>\n","protected":false},"excerpt":{"rendered":"<p>Independentes de Olaria apresenta novos Diretores de Harmonia para o carnaval de 2026 A Independentes de Olaria anunciou a dupla de diretores de harmonia para 2026. Rico e Nelson Marinho assumem o quesito rumo ao pr\u00f3ximo desfile na Intendente Magalh\u00e3es. Crias da casa, ambos t\u00eam a miss\u00e3o de conduzir a agremia\u00e7\u00e3o em busca do campeonato [&hellip;]<\/p>\n","protected":false},"author":1,"featured_media":3308,"comment_status":"closed","ping_status":"closed","sticky":false,"template":"","format":"standard","meta":{"footnotes":""},"categories":[14],"tags":[],"class_list":["post-3307","post","type-post","status-publish","format-standard","has-post-thumbnail","hentry","category-gadgets"],"_links":{"self":[{"href":"https:\/\/mundodocarnaval.com.br\/pt_br\/wp-json\/wp\/v2\/posts\/3307","targetHints":{"allow":["GET"]}}],"collection":[{"href":"https:\/\/mundodocarnaval.com.br\/pt_br\/wp-json\/wp\/v2\/posts"}],"about":[{"href":"https:\/\/mundodocarnaval.com.br\/pt_br\/wp-json\/wp\/v2\/types\/post"}],"author":[{"embeddable":true,"href":"https:\/\/mundodocarnaval.com.br\/pt_br\/wp-json\/wp\/v2\/users\/1"}],"replies":[{"embeddable":true,"href":"https:\/\/mundodocarnaval.com.br\/pt_br\/wp-json\/wp\/v2\/comments?post=3307"}],"version-history":[{"count":1,"href":"https:\/\/mundodocarnaval.com.br\/pt_br\/wp-json\/wp\/v2\/posts\/3307\/revisions"}],"predecessor-version":[{"id":3309,"href":"https:\/\/mundodocarnaval.com.br\/pt_br\/wp-json\/wp\/v2\/posts\/3307\/revisions\/3309"}],"wp:featuredmedia":[{"embeddable":true,"href":"https:\/\/mundodocarnaval.com.br\/pt_br\/wp-json\/wp\/v2\/media\/3308"}],"wp:attachment":[{"href":"https:\/\/mundodocarnaval.com.br\/pt_br\/wp-json\/wp\/v2\/media?parent=3307"}],"wp:term":[{"taxonomy":"category","embeddable":true,"href":"https:\/\/mundodocarnaval.com.br\/pt_br\/wp-json\/wp\/v2\/categories?post=3307"},{"taxonomy":"post_tag","embeddable":true,"href":"https:\/\/mundodocarnaval.com.br\/pt_br\/wp-json\/wp\/v2\/tags?post=3307"}],"curies":[{"name":"wp","href":"https:\/\/api.w.org\/{rel}","templated":true}]}}