{"id":3313,"date":"2025-08-05T22:02:42","date_gmt":"2025-08-06T01:02:42","guid":{"rendered":"https:\/\/mundodocarnaval.com.br\/?p=3313"},"modified":"2025-08-05T22:05:53","modified_gmt":"2025-08-06T01:05:53","slug":"unidos-de-lucas-promove-final-de-samba-e-recebe-portela","status":"publish","type":"post","link":"https:\/\/mundodocarnaval.com.br\/pt_br\/unidos-de-lucas-promove-final-de-samba-e-recebe-portela\/","title":{"rendered":"Unidos de Lucas promove final de samba e recebe Portela"},"content":{"rendered":"<p>Unidos de Lucas promove final de samba e recebe Portela neste s\u00e1bado, 09<\/p>\n<p>A Unidos de Lucas prepara uma grande festa para escolher o seu samba para o carnaval de 2026. O Galo de Ouro da Leopoldina receber\u00e1 a coirm\u00e3 Portela na noite que definir\u00e1 o hino oficial do seu pr\u00f3ximo desfile. O evento acontece na quadra da agremia\u00e7\u00e3o, neste s\u00e1bado, 09 de agosto, a partir das 20h.<\/p>\n<p>O evento contar\u00e1 com a apresenta\u00e7\u00e3o dos segmentos da escola, embalados pela bateria tabajara do Mestre \u00c1tila e na voz do int\u00e9rprete Felipe Lima, relembrando cl\u00e1ssicos da agremia\u00e7\u00e3o. Al\u00e9m da apresenta\u00e7\u00e3o oficial de todas as musas para o desfile de 2026.<\/p>\n<p>Seis parcerias est\u00e3o na disputa para se tornar o hino oficial do enredo \u201cO povo escreve sua hist\u00f3ria em um sublime pergaminho\u201d, desenvolvido pelo carnavalesco Lucas Lopes.<\/p>\n<p>Samba 01 \u2013 Erick Marques, Wallace Oliveira, Breno Medeiros, Arthur Gabriel, Lucas Farias, Jonathan Quintanilha, Marco JR e Rodrigo Tinoco<\/p>\n<p>Samba 06 \u2013 Leozinho Salles, Tales Martins, Luiz Carlos D\u2019AVENIDA, Gilney Bueno, Luciano Gomes, Mauro Naval, Jorge Matias e Aldair Careca<\/p>\n<p>Samba 07 \u2013 Rafael Gigante, Vinicius Ferreira, Charles Silva, Kaique Gigante, Lucas Martins, Guilherme Kau\u00e3, Jefferson Oliveira e Jo\u00e3o Vidal<\/p>\n<p>Samba 08 \u2013 Samuca, Rafael de Lima e Caruso<\/p>\n<p>Samba 13 \u2013 Gonzaguinha, Alex primo, Bruno costa, Jorge Alan, Xuxu, Breno Costa, Roberto ferro, Luiz Ot\u00e1vio Lote<\/p>\n<p>Samba 77 \u2013 Toni Bach, Amaral, Fernando Silva, Luiz Rainha, S\u00e9rgio Portugu\u00eas, Beto Playmobil, De Paula e Adriano Amaral<\/p>\n<p>Servi\u00e7o<br \/>\nFinal de Samba Unidos de Lucas<br \/>\nData: 09 de agosto<br \/>\nHor\u00e1rio: 20h<br \/>\nLocal: Quadra da escola \u2013 Rua Cordovil 333 \u2013 Parada de Lucas<br \/>\nEntrada Franca at\u00e9 \u00e0s 23h \/ Ap\u00f3s R$5,00<\/p>\n","protected":false},"excerpt":{"rendered":"<p>Unidos de Lucas promove final de samba e recebe Portela neste s\u00e1bado, 09 A Unidos de Lucas prepara uma grande festa para escolher o seu samba para o carnaval de 2026. O Galo de Ouro da Leopoldina receber\u00e1 a coirm\u00e3 Portela na noite que definir\u00e1 o hino oficial do seu pr\u00f3ximo desfile. O evento acontece [&hellip;]<\/p>\n","protected":false},"author":1,"featured_media":3317,"comment_status":"closed","ping_status":"closed","sticky":false,"template":"","format":"standard","meta":{"footnotes":""},"categories":[14],"tags":[],"class_list":["post-3313","post","type-post","status-publish","format-standard","has-post-thumbnail","hentry","category-gadgets"],"_links":{"self":[{"href":"https:\/\/mundodocarnaval.com.br\/pt_br\/wp-json\/wp\/v2\/posts\/3313","targetHints":{"allow":["GET"]}}],"collection":[{"href":"https:\/\/mundodocarnaval.com.br\/pt_br\/wp-json\/wp\/v2\/posts"}],"about":[{"href":"https:\/\/mundodocarnaval.com.br\/pt_br\/wp-json\/wp\/v2\/types\/post"}],"author":[{"embeddable":true,"href":"https:\/\/mundodocarnaval.com.br\/pt_br\/wp-json\/wp\/v2\/users\/1"}],"replies":[{"embeddable":true,"href":"https:\/\/mundodocarnaval.com.br\/pt_br\/wp-json\/wp\/v2\/comments?post=3313"}],"version-history":[{"count":1,"href":"https:\/\/mundodocarnaval.com.br\/pt_br\/wp-json\/wp\/v2\/posts\/3313\/revisions"}],"predecessor-version":[{"id":3315,"href":"https:\/\/mundodocarnaval.com.br\/pt_br\/wp-json\/wp\/v2\/posts\/3313\/revisions\/3315"}],"wp:featuredmedia":[{"embeddable":true,"href":"https:\/\/mundodocarnaval.com.br\/pt_br\/wp-json\/wp\/v2\/media\/3317"}],"wp:attachment":[{"href":"https:\/\/mundodocarnaval.com.br\/pt_br\/wp-json\/wp\/v2\/media?parent=3313"}],"wp:term":[{"taxonomy":"category","embeddable":true,"href":"https:\/\/mundodocarnaval.com.br\/pt_br\/wp-json\/wp\/v2\/categories?post=3313"},{"taxonomy":"post_tag","embeddable":true,"href":"https:\/\/mundodocarnaval.com.br\/pt_br\/wp-json\/wp\/v2\/tags?post=3313"}],"curies":[{"name":"wp","href":"https:\/\/api.w.org\/{rel}","templated":true}]}}