{"id":3318,"date":"2025-08-05T22:13:35","date_gmt":"2025-08-06T01:13:35","guid":{"rendered":"https:\/\/mundodocarnaval.com.br\/?p=3318"},"modified":"2025-08-05T22:13:35","modified_gmt":"2025-08-06T01:13:35","slug":"mocidade-faz-show-de-encerramento-do-musica-rita-lee-em-sua-passagem-pelo-rio-de-janeiro","status":"publish","type":"post","link":"https:\/\/mundodocarnaval.com.br\/pt_br\/mocidade-faz-show-de-encerramento-do-musica-rita-lee-em-sua-passagem-pelo-rio-de-janeiro\/","title":{"rendered":"Mocidade faz show de encerramento do musica Rita Lee em sua passagem pelo Rio de Janeiro"},"content":{"rendered":"<p>&#8220;Mocidade faz show de encerramento do musica Rita Lee em sua passagem pelo Rio de Janeiro&#8221;<\/p>\n<p>Com ingressos esgotados em praticamente todas as sess\u00f5es no Rio de Janeiro, o musical Rita Lee recebeu uma sess\u00e3o especial no \u00faltimo s\u00e1bado (02\/08). A Mocidade Independente fez um pocket show de encerramento no palco que conta a hist\u00f3ria de um dos maiores \u00edcones da m\u00fasica brasileira.<\/p>\n<p>Com o enredo \u201cRita, Lee &#8211; Padroeira da Liberdade\u201d, a Estrela Guia de Padre Miguel levou sua bateria e o segundo casal de Mestre-Sala e Porta-Bandeira para dar ainda mais brilho ao espet\u00e1culo realizado no teatro Casa Grande, no Leblon, Zona Sul da cidade.<\/p>\n<p>O diretor de Marketing da Escola, Bryan Clem, ressalta a import\u00e2ncia deste tipo de a\u00e7\u00e3o conjunta.<\/p>\n<p>\u201cPra gente \u00e9 um orgulho gigante poder levar a Rita Lee para a avenida e vir at\u00e9 ao musical \u00e9 beber direto da fonte para nos inspirar ainda mais. Muito feliz com esse trabalho em conjunto com os respons\u00e1veis da obra, que vem lotando o pa\u00eds. Conseguimos levar a mensagem do nosso enredo a mais pessoas e continuar fomentando a divulga\u00e7\u00e3o do nosso projeto. Teremos ainda mais a\u00e7\u00f5es durante o ano.\u201d<\/p>\n<p>Para o diretor do espet\u00e1culo, Marcio Macena, essa foi, sem d\u00favida, a sess\u00e3o mais especial da turn\u00ea at\u00e9 aqui.<\/p>\n<p>&#8220;Esse encontro da Rita Lee com a Mocidade no teatro \u00e9 um neg\u00f3cio in\u00e9dito na nossa vida. \u00c9 muito emocionante. Eu, que sou Mocidade, s\u00f3 estou pensando nesse encontro que aconteceu hoje e o que vai acontecer na Avenida. A gente poder juntar a hist\u00f3ria da Rita com a hist\u00f3ria e a import\u00e2ncia que a Mocidade tem, para a gente \u00e9 um acontecimento inenarr\u00e1vel. Espero que o espet\u00e1culo consiga inspirar a Escola, como a Escola inspira tamb\u00e9m h\u00e1 tanto tempo.&#8221;<\/p>\n<p>Al\u00e9m do elenco que se apresentou, a Escola compareceu com profissionais da cria\u00e7\u00e3o do barrac\u00e3o para mais uma imers\u00e3o. O coordenador das fantasias, Highor Pfaltzgraff, refor\u00e7ou a import\u00e2ncia desse encontro.<\/p>\n<p>\u201cEnquanto respons\u00e1veis pela confec\u00e7\u00e3o das Fantasias, dos prot\u00f3tipos e futuramente da reprodu\u00e7\u00e3o, \u00e9 muito importante para a gente ver um pouco de como foi criado o espet\u00e1culo e a troca de figurinos. Para estarmos alinhados com a hist\u00f3ria e perfil dela. Muito bom poder acompanhar e ver o quanto ela representou. E o figurino passa muito por isso. Muito feliz de poder acompanhar isso de perto.\u201d<\/p>\n<p>O musical encerrou sua participa\u00e7\u00e3o no Rio de Janeiro e agora embarca para diversas pra\u00e7as do Brasil. A primeira parada ser\u00e1 em Fortaleza, a partir do dia 14 de agosto.<\/p>\n<p>A Mocidade ser\u00e1 a primeira escola a desfilar na segunda-feira de carnaval. A Escola segue com a disputa de sambas, que escolher\u00e1 a obra para homenagear a Padroeira da Liberdade na Sapuca\u00ed. A final da disputa est\u00e1 marcada para 20 de setembro, na quadra da Avenida Brasil.<\/p>\n<p>Fotos: Thiago Mattos<\/p>\n","protected":false},"excerpt":{"rendered":"<p>&#8220;Mocidade faz show de encerramento do musica Rita Lee em sua passagem pelo Rio de Janeiro&#8221; Com ingressos esgotados em praticamente todas as sess\u00f5es no Rio de Janeiro, o musical Rita Lee recebeu uma sess\u00e3o especial no \u00faltimo s\u00e1bado (02\/08). A Mocidade Independente fez um pocket show de encerramento no palco que conta a hist\u00f3ria [&hellip;]<\/p>\n","protected":false},"author":1,"featured_media":3319,"comment_status":"closed","ping_status":"closed","sticky":false,"template":"","format":"standard","meta":{"footnotes":""},"categories":[12],"tags":[],"class_list":["post-3318","post","type-post","status-publish","format-standard","has-post-thumbnail","hentry","category-grupo-especial"],"_links":{"self":[{"href":"https:\/\/mundodocarnaval.com.br\/pt_br\/wp-json\/wp\/v2\/posts\/3318","targetHints":{"allow":["GET"]}}],"collection":[{"href":"https:\/\/mundodocarnaval.com.br\/pt_br\/wp-json\/wp\/v2\/posts"}],"about":[{"href":"https:\/\/mundodocarnaval.com.br\/pt_br\/wp-json\/wp\/v2\/types\/post"}],"author":[{"embeddable":true,"href":"https:\/\/mundodocarnaval.com.br\/pt_br\/wp-json\/wp\/v2\/users\/1"}],"replies":[{"embeddable":true,"href":"https:\/\/mundodocarnaval.com.br\/pt_br\/wp-json\/wp\/v2\/comments?post=3318"}],"version-history":[{"count":1,"href":"https:\/\/mundodocarnaval.com.br\/pt_br\/wp-json\/wp\/v2\/posts\/3318\/revisions"}],"predecessor-version":[{"id":3320,"href":"https:\/\/mundodocarnaval.com.br\/pt_br\/wp-json\/wp\/v2\/posts\/3318\/revisions\/3320"}],"wp:featuredmedia":[{"embeddable":true,"href":"https:\/\/mundodocarnaval.com.br\/pt_br\/wp-json\/wp\/v2\/media\/3319"}],"wp:attachment":[{"href":"https:\/\/mundodocarnaval.com.br\/pt_br\/wp-json\/wp\/v2\/media?parent=3318"}],"wp:term":[{"taxonomy":"category","embeddable":true,"href":"https:\/\/mundodocarnaval.com.br\/pt_br\/wp-json\/wp\/v2\/categories?post=3318"},{"taxonomy":"post_tag","embeddable":true,"href":"https:\/\/mundodocarnaval.com.br\/pt_br\/wp-json\/wp\/v2\/tags?post=3318"}],"curies":[{"name":"wp","href":"https:\/\/api.w.org\/{rel}","templated":true}]}}