{"id":3321,"date":"2025-08-08T12:13:45","date_gmt":"2025-08-08T15:13:45","guid":{"rendered":"https:\/\/mundodocarnaval.com.br\/?p=3321"},"modified":"2025-08-08T12:13:45","modified_gmt":"2025-08-08T15:13:45","slug":"alex-salvador-sera-o-responsavel-pelos-movimentos-especiais-das-esculturas-da-uniao-de-marica","status":"publish","type":"post","link":"https:\/\/mundodocarnaval.com.br\/pt_br\/alex-salvador-sera-o-responsavel-pelos-movimentos-especiais-das-esculturas-da-uniao-de-marica\/","title":{"rendered":"Alex Salvador ser\u00e1 o respons\u00e1vel pelos movimentos especiais das esculturas da Uni\u00e3o de Maric\u00e1"},"content":{"rendered":"<p>Artista parintinense Alex Salvador ser\u00e1 o respons\u00e1vel pelos movimentos especiais das esculturas da Uni\u00e3o de Maric\u00e1<br \/>\nReconhecido por sua trajet\u00f3ria no Festival de Parintins, ele chega para fortalecer o time da escola rumo ao desfile de 2026<\/p>\n<p>A Uni\u00e3o de Maric\u00e1 segue firme nos preparativos para mais um grande desfile na Marqu\u00eas de Sapuca\u00ed e acertou a contrata\u00e7\u00e3o de um dos grandes nomes das artes visuais do Festival de Parintins. O artista Alex Salvador, conhecido por seu trabalho marcante no Boi Caprichoso, integrar\u00e1 a equipe da escola para o Carnaval 2026, sendo respons\u00e1vel pelos movimentos especiais e por parte das esculturas das alegorias.<\/p>\n<p>Com um talento que j\u00e1 atravessou os limites do Bumb\u00f3dromo, Alex tem se destacado tamb\u00e9m no Rio de Janeiro, com cria\u00e7\u00f5es de forte impacto visual. Um de seus trabalhos mais lembrados foi a escultura de S\u00e3o Jorge, apresentada pela Vila Isabel em 2023, que arrancou aplausos do p\u00fablico e virou um dos grandes s\u00edmbolos daquele ano.<\/p>\n<p>Para o administrador da Uni\u00e3o de Maric\u00e1, Matheus Santos, a chegada de Alex representa mais um passo da escola rumo \u00e0 excel\u00eancia:<\/p>\n<p>\u201cA Uni\u00e3o de Maric\u00e1 \u00e9 uma escola que sonha alto e trabalha muito para realiz\u00e1-los. Sempre buscamos os melhores profissionais em cada \u00e1rea para entregar um espet\u00e1culo inesquec\u00edvel na Sapuca\u00ed. A chegada do Alex Salvador fortalece ainda mais a nossa proposta est\u00e9tica para 2026. Ele \u00e9 um artista completo, criativo, com uma linguagem pr\u00f3pria e que tem tudo a ver com a ousadia e o brilho que queremos levar \u00e0 Avenida a partir das cria\u00e7\u00f5es do carnavalesco Leandro Vieira\u201d, destacou Matheus Santos.<\/p>\n<p>No pr\u00f3ximo Carnaval, a Uni\u00e3o de Maric\u00e1 levar\u00e1 para a Sapuca\u00ed o enredo \u201cBerenguend\u00e9ns e Balangand\u00e3ns\u201d e ser\u00e1 a sexta escola a desfilar no s\u00e1bado, 14 de fevereiro, pela S\u00e9rie Ouro.<\/p>\n<p>Foto: Divulga\u00e7\u00e3o\/Uni\u00e3o de Maric\u00e1<\/p>\n","protected":false},"excerpt":{"rendered":"<p>Artista parintinense Alex Salvador ser\u00e1 o respons\u00e1vel pelos movimentos especiais das esculturas da Uni\u00e3o de Maric\u00e1 Reconhecido por sua trajet\u00f3ria no Festival de Parintins, ele chega para fortalecer o time da escola rumo ao desfile de 2026 A Uni\u00e3o de Maric\u00e1 segue firme nos preparativos para mais um grande desfile na Marqu\u00eas de Sapuca\u00ed e [&hellip;]<\/p>\n","protected":false},"author":1,"featured_media":3322,"comment_status":"closed","ping_status":"closed","sticky":false,"template":"","format":"standard","meta":{"footnotes":""},"categories":[13],"tags":[],"class_list":["post-3321","post","type-post","status-publish","format-standard","has-post-thumbnail","hentry","category-fashion"],"_links":{"self":[{"href":"https:\/\/mundodocarnaval.com.br\/pt_br\/wp-json\/wp\/v2\/posts\/3321","targetHints":{"allow":["GET"]}}],"collection":[{"href":"https:\/\/mundodocarnaval.com.br\/pt_br\/wp-json\/wp\/v2\/posts"}],"about":[{"href":"https:\/\/mundodocarnaval.com.br\/pt_br\/wp-json\/wp\/v2\/types\/post"}],"author":[{"embeddable":true,"href":"https:\/\/mundodocarnaval.com.br\/pt_br\/wp-json\/wp\/v2\/users\/1"}],"replies":[{"embeddable":true,"href":"https:\/\/mundodocarnaval.com.br\/pt_br\/wp-json\/wp\/v2\/comments?post=3321"}],"version-history":[{"count":1,"href":"https:\/\/mundodocarnaval.com.br\/pt_br\/wp-json\/wp\/v2\/posts\/3321\/revisions"}],"predecessor-version":[{"id":3323,"href":"https:\/\/mundodocarnaval.com.br\/pt_br\/wp-json\/wp\/v2\/posts\/3321\/revisions\/3323"}],"wp:featuredmedia":[{"embeddable":true,"href":"https:\/\/mundodocarnaval.com.br\/pt_br\/wp-json\/wp\/v2\/media\/3322"}],"wp:attachment":[{"href":"https:\/\/mundodocarnaval.com.br\/pt_br\/wp-json\/wp\/v2\/media?parent=3321"}],"wp:term":[{"taxonomy":"category","embeddable":true,"href":"https:\/\/mundodocarnaval.com.br\/pt_br\/wp-json\/wp\/v2\/categories?post=3321"},{"taxonomy":"post_tag","embeddable":true,"href":"https:\/\/mundodocarnaval.com.br\/pt_br\/wp-json\/wp\/v2\/tags?post=3321"}],"curies":[{"name":"wp","href":"https:\/\/api.w.org\/{rel}","templated":true}]}}