{"id":3324,"date":"2025-08-08T12:21:53","date_gmt":"2025-08-08T15:21:53","guid":{"rendered":"https:\/\/mundodocarnaval.com.br\/?p=3324"},"modified":"2025-08-08T12:21:54","modified_gmt":"2025-08-08T15:21:54","slug":"samba-libertador-estreia-neste-sabado-9-no-centro-do-rio-com-roda-de-negao-da-serrinha","status":"publish","type":"post","link":"https:\/\/mundodocarnaval.com.br\/pt_br\/samba-libertador-estreia-neste-sabado-9-no-centro-do-rio-com-roda-de-negao-da-serrinha\/","title":{"rendered":"Samba Libertador estreia neste s\u00e1bado (9), no Centro do Rio com roda de Neg\u00e3o da Serrinha"},"content":{"rendered":"<p>Samba Libertador estreia neste s\u00e1bado (9), no Centro do Rio com roda de Neg\u00e3o da Serrinha<\/p>\n<p>Show promete grandes sucessos do samba de raiz. DJ Fran anima os intervalos com set de brasilidades.<\/p>\n<p>A mais nova roda de samba do Rio de Janeiro estreia no pr\u00f3ximo s\u00e1bado (9) no Espa\u00e7o Mistura Gente, no Centro da cidade. O Samba Libertador tem como miss\u00e3o divertir e reunir pessoas diversas para aproveitar o merecido descanso do fim de semana, com boa m\u00fasica, cerveja gelada e comida gostosa.<\/p>\n<p>Quem comanda esse grito de liberdade do trabalhador ser\u00e1 a roda de samba do Neg\u00e3o da Serrinha. Cantor, cavaquinista, percussionista, compositor e arranjador, ele promete grandes sucessos do samba carioca de raiz.<\/p>\n<p>Experi\u00eancia n\u00e3o falta. Neg\u00e3o desfila h\u00e1 20 anos como mestre de bateria de blocos de rua tradicionais do Rio de Janeiro, como Bangalafumenga, Fogo e Paix\u00e3o e Me Esquece. Al\u00e9m disso, fez a dire\u00e7\u00e3o musical e prepara\u00e7\u00e3o de elenco de \u201cMussum, o Filmis\u201d e a produ\u00e7\u00e3o musical do programa \u201cBar do Gog\u00f3\u201d (Multishow).<\/p>\n<p>Antes, depois e no intervalo da roda de samba, a DJ Fran vai manter a anima\u00e7\u00e3o com um set de brasilidades, com o melhor da M\u00fasica Popular Brasileira, em sua mais ampla ess\u00eancia. A artista j\u00e1 comandou as pistas de eventos como Baile do Saddam, Divino Maravilhoso e a Casa do Rock, do festival Rock the Mountain.  <\/p>\n<p>Para complementar a experi\u00eancia, os sambistas v\u00e3o encontrar cerveja gelada, drinks refrescantes e petiscos t\u00edpicos de uma boa roda: batata frita, past\u00e9is,   churrasquinhos e, como todo carioca evita o frio, caldinhos.<\/p>\n<p>O Samba Libertador ser\u00e1 realizado todo segundo s\u00e1bado do m\u00eas, no Espa\u00e7o Mistura Gente. O local fica na Rua da Alf\u00e2ndega, no Centro do Rio, pr\u00f3ximo \u00e0 Igreja da Candel\u00e1ria e \u00e0 Avenida Rio Branco. O evento ter\u00e1 in\u00edcio \u00e0s 14h com o set de brasilidades e a roda de samba come\u00e7a \u00e0s 16h.<\/p>\n<p>SERVI\u00c7O<br \/>\nEndere\u00e7o: Espa\u00e7o Mistura Gente \u2013 Rua da Alf\u00e2ndega, 50, Centro do Rio<br \/>\nComo chegar: Metr\u00f4 Uruguaiana \u2013 5 min | VLT Candel\u00e1ria \u2013 1 min | \u00d4nibus \u2013 pertinho da Candel\u00e1ria<br \/>\nData: S\u00e1bado (09\/08)<br \/>\nHor\u00e1rio: das 14h \u00e0s 20h30<br \/>\nIngressos: R$30 (https:\/\/www.sympla.com.br\/evento\/samba-libertador-estreia\/3051181)<br \/>\nInstagram: @samba.libertador<\/p>\n","protected":false},"excerpt":{"rendered":"<p>Samba Libertador estreia neste s\u00e1bado (9), no Centro do Rio com roda de Neg\u00e3o da Serrinha Show promete grandes sucessos do samba de raiz. DJ Fran anima os intervalos com set de brasilidades. A mais nova roda de samba do Rio de Janeiro estreia no pr\u00f3ximo s\u00e1bado (9) no Espa\u00e7o Mistura Gente, no Centro da [&hellip;]<\/p>\n","protected":false},"author":1,"featured_media":3325,"comment_status":"closed","ping_status":"closed","sticky":false,"template":"","format":"standard","meta":{"footnotes":""},"categories":[11],"tags":[],"class_list":["post-3324","post","type-post","status-publish","format-standard","has-post-thumbnail","hentry","category-noticias"],"_links":{"self":[{"href":"https:\/\/mundodocarnaval.com.br\/pt_br\/wp-json\/wp\/v2\/posts\/3324","targetHints":{"allow":["GET"]}}],"collection":[{"href":"https:\/\/mundodocarnaval.com.br\/pt_br\/wp-json\/wp\/v2\/posts"}],"about":[{"href":"https:\/\/mundodocarnaval.com.br\/pt_br\/wp-json\/wp\/v2\/types\/post"}],"author":[{"embeddable":true,"href":"https:\/\/mundodocarnaval.com.br\/pt_br\/wp-json\/wp\/v2\/users\/1"}],"replies":[{"embeddable":true,"href":"https:\/\/mundodocarnaval.com.br\/pt_br\/wp-json\/wp\/v2\/comments?post=3324"}],"version-history":[{"count":1,"href":"https:\/\/mundodocarnaval.com.br\/pt_br\/wp-json\/wp\/v2\/posts\/3324\/revisions"}],"predecessor-version":[{"id":3326,"href":"https:\/\/mundodocarnaval.com.br\/pt_br\/wp-json\/wp\/v2\/posts\/3324\/revisions\/3326"}],"wp:featuredmedia":[{"embeddable":true,"href":"https:\/\/mundodocarnaval.com.br\/pt_br\/wp-json\/wp\/v2\/media\/3325"}],"wp:attachment":[{"href":"https:\/\/mundodocarnaval.com.br\/pt_br\/wp-json\/wp\/v2\/media?parent=3324"}],"wp:term":[{"taxonomy":"category","embeddable":true,"href":"https:\/\/mundodocarnaval.com.br\/pt_br\/wp-json\/wp\/v2\/categories?post=3324"},{"taxonomy":"post_tag","embeddable":true,"href":"https:\/\/mundodocarnaval.com.br\/pt_br\/wp-json\/wp\/v2\/tags?post=3324"}],"curies":[{"name":"wp","href":"https:\/\/api.w.org\/{rel}","templated":true}]}}