{"id":3327,"date":"2025-08-08T12:33:05","date_gmt":"2025-08-08T15:33:05","guid":{"rendered":"https:\/\/mundodocarnaval.com.br\/?p=3327"},"modified":"2025-08-08T12:33:05","modified_gmt":"2025-08-08T15:33:05","slug":"neste-domingo10estreia-o-projeto-escolas-na-roda-com-samba-enredo-de-raiz-vila-isabel-eimperio-serrano","status":"publish","type":"post","link":"https:\/\/mundodocarnaval.com.br\/pt_br\/neste-domingo10estreia-o-projeto-escolas-na-roda-com-samba-enredo-de-raiz-vila-isabel-eimperio-serrano\/","title":{"rendered":"Neste domingo(10),estreia o Projeto \u201cEscolas na Roda\u201d, com Samba Enredo de Raiz, Vila Isabel eImp\u00e9rio Serrano."},"content":{"rendered":"<p>Program\u00e3o de Gra\u00e7a no Dia dos Pais: Neste domingo(10), estreia o Projeto \u201cEscolas na Roda\u201d, com Samba Enredo de Raiz, Vila Isabel e Imp\u00e9rio Serrano.<\/p>\n<p>Neste domingo (10), a partir das 14h, tem a estreia do Projeto \u201cEscolas na Roda\u201d, com Samba Enredo de Raiz, Vila Isabel e Imp\u00e9rio Serrano. A iniciativa vai ter um formato in\u00e9dito em que a apresenta\u00e7\u00e3o das agremia\u00e7\u00f5es ser\u00e1 num palco 360\u00ba.<\/p>\n<p>O evento acontece no Quintal da Lapa , que fica na Rua do Lavradio 75, Esquina da Avenida Chile, Centro do Rio de Janeiro. Esse grande encontro mensal  ser\u00e1 um deleite dos amantes e apaixonados por Sambas de Enredo e pelas Escola de Samba da Cidade Maravilhosa.<\/p>\n<p>A festa tem entrada  gratuita com grande homenagem ao Dia dos Pais. Para acessar o evento \u00e9 s\u00f3 retirar o ingressos na plataforma Sympla:https:\/\/www.sympla.com.br\/evento\/escolas-na-roda-com-grupo-ser-e-escolas-convidadas-impErio-serrano-e-vila-isabel\/3036956?token=c764a1e4ae828117614092e7c6898154 . Mais informa\u00e7\u00f5es: Jener Tonasso(21 99961-1725) e Diogo Caliano(21 96465-3952). Classifica\u00e7\u00e3o: 18 anos.<\/p>\n<p>Sobre o Grupo Samba Enredo de Raiz, ou Grupo S.E.R. como tamb\u00e9m \u00e9 chamado<\/p>\n<p>O grupo liderado por Igor Vianna, int\u00e9rprete da Camisa Verde e Branco( S\u00e3o Paulo), Mocidade ( Rio de Janeiro), e a Chegou O Que Faltava (Vit\u00f3ria ) , conta um  time de m\u00fasicos de muito talento. No repert\u00f3rio, sambas-enredo que marcaram as hist\u00f3rias das agremia\u00e7\u00f5es e do carnaval, passando por d\u00e9cadas e todas as divis\u00f5es de desfiles.<\/p>\n<p>Sobre o Imp\u00e9rio Serrano:<\/p>\n<p>Quarta maior campe\u00e3 do Grupo Especial com nove t\u00edtulos, o Imp\u00e9rio Serrano foi fundado em 23 de mar\u00e7o de 1947 ap\u00f3s dissidentes do Prazer da Serrinha. Oriundo de trabalhadores da estiva, o Reizinho de Madureira tem nomes importantes entre seus fundadores, como Sebasti\u00e3o Molequinho, El\u00f3i Antero Dias, Mano D\u00e9cio da Viola, Silas de Oliveira, Aniceto Menezes, Mestre Fuleiro, Zacharias Avelar e Eul\u00e1lia do Nascimento, a Tia Eul\u00e1lia.<\/p>\n<p>Sobre a Unidos de Vila Isabel:<\/p>\n<p>A Unidos de Vila Isabel \u00e9 uma escola de samba do Rio de Janeiro, fundada em 4 de abril de 1946, no bairro de Vila Isabel. Conhecida pelas cores azul e branco, e pelo s\u00edmbolo da coroa, a escola conquistou tr\u00eas t\u00edtulos do Grupo Especial do Rio de Janeiro,  em 1988, 2006 e 2013. <\/p>\n<p>A origem do Gr\u00eamio Recreativo Escola de Samba Unidos de Vila Isabel remete \u00e0 d\u00e9cada de 1940, quando Ant\u00f4nio Fernandes da Silveira, mais conhecido como Seu China, vindo do Morro do Salgueiro, se mudou para Vila Isabel e se aproximou de um grupo de jovens moradores do bairro.<\/p>\n<p>Seu China, oriundo do bloco Azul e Branco do Salgueiro, logo se envolveu com esses festejos vilaisabelenses e, junto com Ari Barbosa, Paulo Braz\u00e3o, Tuninho Carpinteiro, Celso da Silva, Quinzinho, Osmar Mariano e Servan Heitor de Carvalho, resolveu fundar a Unidos de Vila Isabel.<\/p>\n<p>Servi\u00e7o:<\/p>\n<p>\u201cEscolas na Roda\u201d, com Samba Enredo de Raiz, Vila Isabel e Imp\u00e9rio Serrano.<\/p>\n<p>Data: 10 de agosto de 2025.<\/p>\n<p>Hor\u00e1rio: 14h<\/p>\n<p>Local: Quintal da Lapa<\/p>\n<p>Endere\u00e7o:  Rua do Lavradio 75, Esquina da Avenida Chile, Centro do Rio de Janeiro.<\/p>\n<p>Evento gratuito:<\/p>\n<p>Sympla:https:\/\/www.sympla.com.br\/evento\/escolas-na-roda-com-grupo-ser-e-escolas-convidadas-impErio-serrano-e-vila-isabel\/3036956?token=c764a1e4ae828117614092e7c6898154 .<\/p>\n<p>Mais informa\u00e7\u00f5es: Jener Tonasso(21 99961-1725) e Diogo Caliano(21 96465-3952).<\/p>\n<p>Classifica\u00e7\u00e3o: 18 anos.<\/p>\n","protected":false},"excerpt":{"rendered":"<p>Program\u00e3o de Gra\u00e7a no Dia dos Pais: Neste domingo(10), estreia o Projeto \u201cEscolas na Roda\u201d, com Samba Enredo de Raiz, Vila Isabel e Imp\u00e9rio Serrano. Neste domingo (10), a partir das 14h, tem a estreia do Projeto \u201cEscolas na Roda\u201d, com Samba Enredo de Raiz, Vila Isabel e Imp\u00e9rio Serrano. A iniciativa vai ter um [&hellip;]<\/p>\n","protected":false},"author":1,"featured_media":3329,"comment_status":"closed","ping_status":"closed","sticky":false,"template":"","format":"standard","meta":{"footnotes":""},"categories":[11],"tags":[],"class_list":["post-3327","post","type-post","status-publish","format-standard","has-post-thumbnail","hentry","category-noticias"],"_links":{"self":[{"href":"https:\/\/mundodocarnaval.com.br\/pt_br\/wp-json\/wp\/v2\/posts\/3327","targetHints":{"allow":["GET"]}}],"collection":[{"href":"https:\/\/mundodocarnaval.com.br\/pt_br\/wp-json\/wp\/v2\/posts"}],"about":[{"href":"https:\/\/mundodocarnaval.com.br\/pt_br\/wp-json\/wp\/v2\/types\/post"}],"author":[{"embeddable":true,"href":"https:\/\/mundodocarnaval.com.br\/pt_br\/wp-json\/wp\/v2\/users\/1"}],"replies":[{"embeddable":true,"href":"https:\/\/mundodocarnaval.com.br\/pt_br\/wp-json\/wp\/v2\/comments?post=3327"}],"version-history":[{"count":1,"href":"https:\/\/mundodocarnaval.com.br\/pt_br\/wp-json\/wp\/v2\/posts\/3327\/revisions"}],"predecessor-version":[{"id":3330,"href":"https:\/\/mundodocarnaval.com.br\/pt_br\/wp-json\/wp\/v2\/posts\/3327\/revisions\/3330"}],"wp:featuredmedia":[{"embeddable":true,"href":"https:\/\/mundodocarnaval.com.br\/pt_br\/wp-json\/wp\/v2\/media\/3329"}],"wp:attachment":[{"href":"https:\/\/mundodocarnaval.com.br\/pt_br\/wp-json\/wp\/v2\/media?parent=3327"}],"wp:term":[{"taxonomy":"category","embeddable":true,"href":"https:\/\/mundodocarnaval.com.br\/pt_br\/wp-json\/wp\/v2\/categories?post=3327"},{"taxonomy":"post_tag","embeddable":true,"href":"https:\/\/mundodocarnaval.com.br\/pt_br\/wp-json\/wp\/v2\/tags?post=3327"}],"curies":[{"name":"wp","href":"https:\/\/api.w.org\/{rel}","templated":true}]}}