{"id":3334,"date":"2025-08-08T13:21:45","date_gmt":"2025-08-08T16:21:45","guid":{"rendered":"https:\/\/mundodocarnaval.com.br\/?p=3334"},"modified":"2025-08-08T13:21:46","modified_gmt":"2025-08-08T16:21:46","slug":"unidos-da-tijuca-realiza-recadastramento-da-comunidade-durante-todas-as-quintas-de-agosto","status":"publish","type":"post","link":"https:\/\/mundodocarnaval.com.br\/pt_br\/unidos-da-tijuca-realiza-recadastramento-da-comunidade-durante-todas-as-quintas-de-agosto\/","title":{"rendered":"Unidos da Tijuca realiza recadastramento da comunidade durante todas as quintas de agosto"},"content":{"rendered":"<p>Unidos da Tijuca realiza recadastramento da comunidade durante todas as quintas de agosto<\/p>\n<p>A\u00e7\u00e3o acontece na quadra do Santo Cristo de 19 \u00e0s 21 horas sem taxa de inscri\u00e7\u00e3o<\/p>\n<p>Focada nos preparativos do pr\u00f3ximo carnaval, a Unidos da Tijuca realiza todas as quintas de agosto o recadastramento da comunidade para o pr\u00f3ximo desfile na quadra da escola localizada no Santo Cristo. A a\u00e7\u00e3o acontece de 19 \u00e0s 21 horas e antecede as etapas eliminat\u00f3rias do concurso de samba-enredo.<\/p>\n<p>Como iniciativa para retomar o protagonismo do ch\u00e3o da escola, uma for\u00e7a que marcou o per\u00edodo glorioso dos seus campeonatos, a Unidos da Tijuca implementou a inscri\u00e7\u00e3o 100% gratuita para suas alas e, por consequ\u00eancia, o fim das alas comerciais. O comprometimento dos componentes inscritos ser\u00e1 o passaporte para o desfile, estruturando o canto e a dan\u00e7a de forma dedicada para atingir as notas m\u00e1ximas. Outra vez, as estrelas do asfalto ser\u00e3o os sambistas, os protagonistas da festa, respons\u00e1veis por dar voz ao espet\u00e1culo.<\/p>\n<p>Para aprimorar a intera\u00e7\u00e3o entre a Dire\u00e7\u00e3o de Carnaval, o barrac\u00e3o com a confec\u00e7\u00e3o de fantasias e os componentes, a agremia\u00e7\u00e3o desenvolveu um novo sistema, totalmente informatizado, para o cadastro de desfilantes. Ao comparecerem ao posto de cadastro da escola, os tijucanos ser\u00e3o inseridos na nova plataforma, que possibilitar\u00e1 a emiss\u00e3o de carteirinha, a tomada de presen\u00e7a via QR Code e a organiza\u00e7\u00e3o dos eventos e da confec\u00e7\u00e3o da fantasias de forma mais din\u00e2mica e assertiva. A agremia\u00e7\u00e3o j\u00e1 encerrou os prot\u00f3tipos e j\u00e1 iniciou a reprodu\u00e7\u00e3o das alas t\u00e9cnicas.<\/p>\n<p>Para o recadastramento \u00e9 necess\u00e1rio apresentar RG, c\u00f3pia do comprovante de resid\u00eancia e comprovante de devolu\u00e7\u00e3o da fantasia. Com as vagas ociosas, a agremia\u00e7\u00e3o abrir\u00e1 em setembro o cadastro para novos componentes.<\/p>\n<p>A quadra da Unidos da Tijuca fica localizada na Avenida Francisco Bicalho n\u00ba 47 \u2013 Santo Cristo.<\/p>\n<p>Fotos: Julie Abreu<\/p>\n","protected":false},"excerpt":{"rendered":"<p>Unidos da Tijuca realiza recadastramento da comunidade durante todas as quintas de agosto A\u00e7\u00e3o acontece na quadra do Santo Cristo de 19 \u00e0s 21 horas sem taxa de inscri\u00e7\u00e3o Focada nos preparativos do pr\u00f3ximo carnaval, a Unidos da Tijuca realiza todas as quintas de agosto o recadastramento da comunidade para o pr\u00f3ximo desfile na quadra [&hellip;]<\/p>\n","protected":false},"author":1,"featured_media":3335,"comment_status":"closed","ping_status":"closed","sticky":false,"template":"","format":"standard","meta":{"footnotes":""},"categories":[12],"tags":[],"class_list":["post-3334","post","type-post","status-publish","format-standard","has-post-thumbnail","hentry","category-grupo-especial"],"_links":{"self":[{"href":"https:\/\/mundodocarnaval.com.br\/pt_br\/wp-json\/wp\/v2\/posts\/3334","targetHints":{"allow":["GET"]}}],"collection":[{"href":"https:\/\/mundodocarnaval.com.br\/pt_br\/wp-json\/wp\/v2\/posts"}],"about":[{"href":"https:\/\/mundodocarnaval.com.br\/pt_br\/wp-json\/wp\/v2\/types\/post"}],"author":[{"embeddable":true,"href":"https:\/\/mundodocarnaval.com.br\/pt_br\/wp-json\/wp\/v2\/users\/1"}],"replies":[{"embeddable":true,"href":"https:\/\/mundodocarnaval.com.br\/pt_br\/wp-json\/wp\/v2\/comments?post=3334"}],"version-history":[{"count":1,"href":"https:\/\/mundodocarnaval.com.br\/pt_br\/wp-json\/wp\/v2\/posts\/3334\/revisions"}],"predecessor-version":[{"id":3336,"href":"https:\/\/mundodocarnaval.com.br\/pt_br\/wp-json\/wp\/v2\/posts\/3334\/revisions\/3336"}],"wp:featuredmedia":[{"embeddable":true,"href":"https:\/\/mundodocarnaval.com.br\/pt_br\/wp-json\/wp\/v2\/media\/3335"}],"wp:attachment":[{"href":"https:\/\/mundodocarnaval.com.br\/pt_br\/wp-json\/wp\/v2\/media?parent=3334"}],"wp:term":[{"taxonomy":"category","embeddable":true,"href":"https:\/\/mundodocarnaval.com.br\/pt_br\/wp-json\/wp\/v2\/categories?post=3334"},{"taxonomy":"post_tag","embeddable":true,"href":"https:\/\/mundodocarnaval.com.br\/pt_br\/wp-json\/wp\/v2\/tags?post=3334"}],"curies":[{"name":"wp","href":"https:\/\/api.w.org\/{rel}","templated":true}]}}