{"id":3337,"date":"2025-08-08T16:31:34","date_gmt":"2025-08-08T19:31:34","guid":{"rendered":"https:\/\/mundodocarnaval.com.br\/?p=3337"},"modified":"2025-08-08T16:31:34","modified_gmt":"2025-08-08T19:31:34","slug":"ingride-banzo-confirma-mais-um-ano-como-madrinha-da-uniao-da-ilha","status":"publish","type":"post","link":"https:\/\/mundodocarnaval.com.br\/pt_br\/ingride-banzo-confirma-mais-um-ano-como-madrinha-da-uniao-da-ilha\/","title":{"rendered":"Ingride Banzo confirma mais um ano como madrinha da Uni\u00e3o da Ilha"},"content":{"rendered":"<p>Ingride Banzo confirma mais um ano como madrinha da Uni\u00e3o da Ilha<\/p>\n<p>Empreendedora que mora nos Estados Unidos  veio especialmente para prestigiar a coroa\u00e7\u00e3o da rainha de bateria Gracyanne Barbosa e a final de sambas da escola que acontece neste s\u00e1bado, 09 de agosto<\/p>\n<p>A hist\u00f3ria de amor que uniu Ingride Banzo e a Uni\u00e3o da ilha ganhou mais um cap\u00edtulo. A empreendedora, famosa por usar a capoeira em suas apresenta\u00e7\u00f5es de samba confirmou sua presen\u00e7a no desfile da tricolor insulana em 2026. vivendo nos Estados Unidos onde d\u00e1 aulas de samba o p\u00e9 e dan\u00e7a afro-brasileira, Ingride vai para o quarto ano seguido na agremia\u00e7\u00e3o onde, h\u00e1 tr\u00eas anos ganhou o t\u00edtulo de \u201cmadrinha\u201d. <\/p>\n<p>\u201cEu realmente me apaixonei pela Uni\u00e3o da Ilha. Ali eu me sinto acolhida por todos, desde a presid\u00eancia at\u00e9 a comunidade. Ao longo desses quatro anos, fomos construindo uma rela\u00e7\u00e3o de muito respeito, especialmente pelo trabalho que desenvolvo com todo carinho durante todos os meses que antecedem o carnaval. Para mim \u00e9 um orgulho seguir como madrinha da escola\u201d, diz Ingride que chegou ao Brasil na \u00faltima semana para prestigiar a coroa\u00e7\u00e3o de Gracyanne Barbosa, que retornou ao posto de rainha de bateria. <\/p>\n<p>A madrinha da escola, que tamb\u00e9m coordena a ala internacional trazendo 40 alunas de diferentes nacionalidades para um interc\u00e2mbio onde vivem a experi\u00eancia do carnaval, n\u00e3o economizou elogios ao carnavalesco Marcus Ferreira e \u00e0 nova rainha de bateria. <\/p>\n<p>\u201cSobre o enredo, eu acho o Marcus incr\u00edvel e as ideias dele sempre s\u00e3o muito vanguardistas. Eu fico imaginando figurino para as apresenta\u00e7\u00f5es como o ensaio t\u00e9cnico e o minidesfile, inclusive brinco muito dizendo que eu n\u00e3o moro nem no Brasil e nem em Atlanta, e sim, dentro do avi\u00e3o quando chega o segundo semestre. J\u00e1 sobre Gracyanne, ela \u00e9 muito mais do que eu imaginava, uma pessoa muito conectada com a comunidade. Quem estava na quadra viu que a escola est\u00e1 feliz em t\u00ea-la como rainha\u201d, diz Ingride, que retorna para os Estados Unidos no dia 12.<\/p>\n<p>Aproveitando os dias na Cidade Maravilhosa, Ingride n\u00e3o para de trabalhar. Al\u00e9m dos compromissos com a escola, ela est\u00e1 gravando conte\u00fado para um novo projeto que ser\u00e1 lan\u00e7ado em breve. <\/p>\n","protected":false},"excerpt":{"rendered":"<p>Ingride Banzo confirma mais um ano como madrinha da Uni\u00e3o da Ilha Empreendedora que mora nos Estados Unidos veio especialmente para prestigiar a coroa\u00e7\u00e3o da rainha de bateria Gracyanne Barbosa e a final de sambas da escola que acontece neste s\u00e1bado, 09 de agosto A hist\u00f3ria de amor que uniu Ingride Banzo e a Uni\u00e3o [&hellip;]<\/p>\n","protected":false},"author":1,"featured_media":3338,"comment_status":"closed","ping_status":"closed","sticky":false,"template":"","format":"standard","meta":{"footnotes":""},"categories":[13],"tags":[],"class_list":["post-3337","post","type-post","status-publish","format-standard","has-post-thumbnail","hentry","category-fashion"],"_links":{"self":[{"href":"https:\/\/mundodocarnaval.com.br\/pt_br\/wp-json\/wp\/v2\/posts\/3337","targetHints":{"allow":["GET"]}}],"collection":[{"href":"https:\/\/mundodocarnaval.com.br\/pt_br\/wp-json\/wp\/v2\/posts"}],"about":[{"href":"https:\/\/mundodocarnaval.com.br\/pt_br\/wp-json\/wp\/v2\/types\/post"}],"author":[{"embeddable":true,"href":"https:\/\/mundodocarnaval.com.br\/pt_br\/wp-json\/wp\/v2\/users\/1"}],"replies":[{"embeddable":true,"href":"https:\/\/mundodocarnaval.com.br\/pt_br\/wp-json\/wp\/v2\/comments?post=3337"}],"version-history":[{"count":1,"href":"https:\/\/mundodocarnaval.com.br\/pt_br\/wp-json\/wp\/v2\/posts\/3337\/revisions"}],"predecessor-version":[{"id":3339,"href":"https:\/\/mundodocarnaval.com.br\/pt_br\/wp-json\/wp\/v2\/posts\/3337\/revisions\/3339"}],"wp:featuredmedia":[{"embeddable":true,"href":"https:\/\/mundodocarnaval.com.br\/pt_br\/wp-json\/wp\/v2\/media\/3338"}],"wp:attachment":[{"href":"https:\/\/mundodocarnaval.com.br\/pt_br\/wp-json\/wp\/v2\/media?parent=3337"}],"wp:term":[{"taxonomy":"category","embeddable":true,"href":"https:\/\/mundodocarnaval.com.br\/pt_br\/wp-json\/wp\/v2\/categories?post=3337"},{"taxonomy":"post_tag","embeddable":true,"href":"https:\/\/mundodocarnaval.com.br\/pt_br\/wp-json\/wp\/v2\/tags?post=3337"}],"curies":[{"name":"wp","href":"https:\/\/api.w.org\/{rel}","templated":true}]}}