{"id":3340,"date":"2025-08-08T16:43:20","date_gmt":"2025-08-08T19:43:20","guid":{"rendered":"https:\/\/mundodocarnaval.com.br\/?p=3340"},"modified":"2025-08-08T16:43:21","modified_gmt":"2025-08-08T19:43:21","slug":"unidos-do-jacarezinho-tera-seu-primeiro-rei-de-bateria","status":"publish","type":"post","link":"https:\/\/mundodocarnaval.com.br\/pt_br\/unidos-do-jacarezinho-tera-seu-primeiro-rei-de-bateria\/","title":{"rendered":"Unidos do Jacarezinho ter\u00e1 seu primeiro rei de bateria"},"content":{"rendered":"<p>Unidos do Jacarezinho ter\u00e1 seu primeiro rei de bateria no Carnaval 2026<\/p>\n<p>Jorge Amarelloh reinar\u00e1 ao lado da rainha Karen Lopes \u00e0 frente da Bateria Show Mil<\/p>\n<p>No retorno da agremia\u00e7\u00e3o rosa e branco do Jacarezinho \u00e0 Marqu\u00eas de Sapuca\u00ed, nem s\u00f3 a rainha de bateria brilhar\u00e1 \u00e0 frente dos ritmistas. Quebrando a tradi\u00e7\u00e3o e fazendo hist\u00f3ria, Jorge Amarelloh desfilar\u00e1 como o primeiro rei de bateria da escola e reinar\u00e1 ao lado de Karen Lopes na bateria Show Mil de mestre Pelezinho.<\/p>\n<p>Preparado para escrever seu nome na hist\u00f3ria da escola, Jorge Amarelloh \u00e9 um artista multifacetado, com forma\u00e7\u00e3o em dan\u00e7a e paix\u00e3o pelo carnaval, onde tem conquistado cada vez mais espa\u00e7o e reconhecimento na cena do carnaval carioca.  O rei brilhou por tr\u00eas anos consecutivos na coirm\u00e3 Em Cima da Hora e exerce a fun\u00e7\u00e3o de diretor art\u00edstico na Para\u00edso do Tuiuti, no Grupo Especial. A nova majestade iniciou sua jornada com,o ballet cl\u00e1ssico e contempor\u00e2neo, aprimorando seus conhecimentos em Los Angeles. De volta ao Brasil, dedicou-se ao samba, integrando alas de passistas de escolas como Uni\u00e3o da Ilha, S\u00e3o Clemente e Santa Cruz. \u00c9 reconhecido internacionalmente por sua dedica\u00e7\u00e3o \u00e0 cultura popular e ao samba no p\u00e9.<\/p>\n<p>A Unidos do Jacarezinho desfilar\u00e1 na sexta-feira de carnaval, dia 13 de fevereiro, sendo a primeira a pisar na Sapuca\u00ed. A agremia\u00e7\u00e3o prepara grande festa de coroa\u00e7\u00e3o para o novo rei de bateria no dia 31 de agosto. Na ocasi\u00e3o, a escola receber\u00e1 a Para\u00edso do Tuiuti como convidada, al\u00e9m de show completo dos grupos T\u00e1 na Mente e Bruna Oliveira. Os ingressos j\u00e1 est\u00e3o \u00e0 venda na plataforma de vendas on-line Sympla. Para adquirir basta acessar o link  https:\/\/www.sympla.com.br\/evento\/feijoada-do-jacarezinho\/3062326 e garantir o ingresso antecipado.<\/p>\n<p>A quadra da Unidos do Jacarezinho fica localizada na Avenida Dom H\u00e9lder C\u00e2mara n\u00ba 2233.<\/p>\n<p>Fotos: Diego Mendes e Gabriel Belmiro<\/p>\n","protected":false},"excerpt":{"rendered":"<p>Unidos do Jacarezinho ter\u00e1 seu primeiro rei de bateria no Carnaval 2026 Jorge Amarelloh reinar\u00e1 ao lado da rainha Karen Lopes \u00e0 frente da Bateria Show Mil No retorno da agremia\u00e7\u00e3o rosa e branco do Jacarezinho \u00e0 Marqu\u00eas de Sapuca\u00ed, nem s\u00f3 a rainha de bateria brilhar\u00e1 \u00e0 frente dos ritmistas. Quebrando a tradi\u00e7\u00e3o e [&hellip;]<\/p>\n","protected":false},"author":1,"featured_media":3341,"comment_status":"closed","ping_status":"closed","sticky":false,"template":"","format":"standard","meta":{"footnotes":""},"categories":[13],"tags":[],"class_list":["post-3340","post","type-post","status-publish","format-standard","has-post-thumbnail","hentry","category-fashion"],"_links":{"self":[{"href":"https:\/\/mundodocarnaval.com.br\/pt_br\/wp-json\/wp\/v2\/posts\/3340","targetHints":{"allow":["GET"]}}],"collection":[{"href":"https:\/\/mundodocarnaval.com.br\/pt_br\/wp-json\/wp\/v2\/posts"}],"about":[{"href":"https:\/\/mundodocarnaval.com.br\/pt_br\/wp-json\/wp\/v2\/types\/post"}],"author":[{"embeddable":true,"href":"https:\/\/mundodocarnaval.com.br\/pt_br\/wp-json\/wp\/v2\/users\/1"}],"replies":[{"embeddable":true,"href":"https:\/\/mundodocarnaval.com.br\/pt_br\/wp-json\/wp\/v2\/comments?post=3340"}],"version-history":[{"count":1,"href":"https:\/\/mundodocarnaval.com.br\/pt_br\/wp-json\/wp\/v2\/posts\/3340\/revisions"}],"predecessor-version":[{"id":3342,"href":"https:\/\/mundodocarnaval.com.br\/pt_br\/wp-json\/wp\/v2\/posts\/3340\/revisions\/3342"}],"wp:featuredmedia":[{"embeddable":true,"href":"https:\/\/mundodocarnaval.com.br\/pt_br\/wp-json\/wp\/v2\/media\/3341"}],"wp:attachment":[{"href":"https:\/\/mundodocarnaval.com.br\/pt_br\/wp-json\/wp\/v2\/media?parent=3340"}],"wp:term":[{"taxonomy":"category","embeddable":true,"href":"https:\/\/mundodocarnaval.com.br\/pt_br\/wp-json\/wp\/v2\/categories?post=3340"},{"taxonomy":"post_tag","embeddable":true,"href":"https:\/\/mundodocarnaval.com.br\/pt_br\/wp-json\/wp\/v2\/tags?post=3340"}],"curies":[{"name":"wp","href":"https:\/\/api.w.org\/{rel}","templated":true}]}}