{"id":3381,"date":"2025-08-12T17:33:03","date_gmt":"2025-08-12T20:33:03","guid":{"rendered":"https:\/\/mundodocarnaval.com.br\/?p=3381"},"modified":"2025-08-12T17:33:03","modified_gmt":"2025-08-12T20:33:03","slug":"unidos-de-padre-miguel-promove-tradicional-feijoada-com-presenca-do-imperio-serrano","status":"publish","type":"post","link":"https:\/\/mundodocarnaval.com.br\/pt_br\/unidos-de-padre-miguel-promove-tradicional-feijoada-com-presenca-do-imperio-serrano\/","title":{"rendered":"Unidos de Padre Miguel promove tradicional Feijoada com presen\u00e7a do Imp\u00e9rio Serrano"},"content":{"rendered":"<p>Unidos de Padre Miguel promove tradicional Feijoada com presen\u00e7a do Imp\u00e9rio Serrano<\/p>\n<p>A Unidos de Padre Miguel realiza, no pr\u00f3ximo domingo, 17 de agosto, a partir das 13h, mais uma edi\u00e7\u00e3o de sua tradicional Feijoada da UPM, evento j\u00e1 consolidado no calend\u00e1rio cultural da Zona Oeste carioca. A festa acontece na quadra da escola, localizada na Rua Mesquita, n\u00ba 8, em Padre Miguel, e promete reunir gastronomia t\u00edpica, m\u00fasica de qualidade e muito samba no p\u00e9.<\/p>\n<p>A grande atra\u00e7\u00e3o do dia ser\u00e1 o G.R.E.S. Imp\u00e9rio Serrano, convidado especial que levar\u00e1 \u00e0 quadra do Boi Vermelho sua bateria, passistas e demais segmentos, proporcionando um espet\u00e1culo digno do carnaval carioca.<\/p>\n<p>Al\u00e9m do show do Imp\u00e9rio Serrano, o p\u00fablico poder\u00e1 prestigiar uma apresenta\u00e7\u00e3o completa dos segmentos da Unidos de Padre Miguel, bem como um show com o grupo Jet Samba Black, que promete animar a tarde com um repert\u00f3rio variado. O evento tamb\u00e9m marcar\u00e1 a apresenta\u00e7\u00e3o oficial dos sambas concorrentes para o desfile da agremia\u00e7\u00e3o no Carnaval 2026.<\/p>\n<p>A entrada \u00e9 gratuita. O prato de feijoada ser\u00e1 vendido a R$ 15,00. Mesas tamb\u00e9m est\u00e3o dispon\u00edveis por apenas R$ 150,00. Camarotes  j\u00e1 est\u00e3o esgotados.<\/p>\n<p>Servi\u00e7o<\/p>\n<p>Evento: Feijoada da Unidos de Padre Miguel<\/p>\n<p>Data: Domingo, 17 de agosto<\/p>\n<p>Hor\u00e1rio: A partir das 13h<\/p>\n<p>Local: Quadra da Unidos de Padre Miguel \u2013 Rua Mesquita, n\u00ba 8, Padre Miguel <\/p>\n<p>Entrada: Gratuita (R$ 15,00 o prato de feijoada)<\/p>\n<p>Atra\u00e7\u00f5es: G.R.E.S. Imp\u00e9rio Serrano, segmentos da UPM, Jet Samba Black e apresenta\u00e7\u00e3o dos sambas concorrentes para o Carnaval 2026<\/p>\n<p>Foto: S1 Fotografia e Comunica\u00e7\u00e3o<\/p>\n","protected":false},"excerpt":{"rendered":"<p>Unidos de Padre Miguel promove tradicional Feijoada com presen\u00e7a do Imp\u00e9rio Serrano A Unidos de Padre Miguel realiza, no pr\u00f3ximo domingo, 17 de agosto, a partir das 13h, mais uma edi\u00e7\u00e3o de sua tradicional Feijoada da UPM, evento j\u00e1 consolidado no calend\u00e1rio cultural da Zona Oeste carioca. A festa acontece na quadra da escola, localizada [&hellip;]<\/p>\n","protected":false},"author":1,"featured_media":3382,"comment_status":"closed","ping_status":"closed","sticky":false,"template":"","format":"standard","meta":{"footnotes":""},"categories":[12],"tags":[],"class_list":["post-3381","post","type-post","status-publish","format-standard","has-post-thumbnail","hentry","category-grupo-especial"],"_links":{"self":[{"href":"https:\/\/mundodocarnaval.com.br\/pt_br\/wp-json\/wp\/v2\/posts\/3381","targetHints":{"allow":["GET"]}}],"collection":[{"href":"https:\/\/mundodocarnaval.com.br\/pt_br\/wp-json\/wp\/v2\/posts"}],"about":[{"href":"https:\/\/mundodocarnaval.com.br\/pt_br\/wp-json\/wp\/v2\/types\/post"}],"author":[{"embeddable":true,"href":"https:\/\/mundodocarnaval.com.br\/pt_br\/wp-json\/wp\/v2\/users\/1"}],"replies":[{"embeddable":true,"href":"https:\/\/mundodocarnaval.com.br\/pt_br\/wp-json\/wp\/v2\/comments?post=3381"}],"version-history":[{"count":1,"href":"https:\/\/mundodocarnaval.com.br\/pt_br\/wp-json\/wp\/v2\/posts\/3381\/revisions"}],"predecessor-version":[{"id":3383,"href":"https:\/\/mundodocarnaval.com.br\/pt_br\/wp-json\/wp\/v2\/posts\/3381\/revisions\/3383"}],"wp:featuredmedia":[{"embeddable":true,"href":"https:\/\/mundodocarnaval.com.br\/pt_br\/wp-json\/wp\/v2\/media\/3382"}],"wp:attachment":[{"href":"https:\/\/mundodocarnaval.com.br\/pt_br\/wp-json\/wp\/v2\/media?parent=3381"}],"wp:term":[{"taxonomy":"category","embeddable":true,"href":"https:\/\/mundodocarnaval.com.br\/pt_br\/wp-json\/wp\/v2\/categories?post=3381"},{"taxonomy":"post_tag","embeddable":true,"href":"https:\/\/mundodocarnaval.com.br\/pt_br\/wp-json\/wp\/v2\/tags?post=3381"}],"curies":[{"name":"wp","href":"https:\/\/api.w.org\/{rel}","templated":true}]}}