{"id":3429,"date":"2025-08-15T17:07:54","date_gmt":"2025-08-15T20:07:54","guid":{"rendered":"https:\/\/mundodocarnaval.com.br\/?p=3429"},"modified":"2025-08-15T17:07:54","modified_gmt":"2025-08-15T20:07:54","slug":"uniao-de-marica-realiza-segunda-eliminatoria-de-samba-enredo","status":"publish","type":"post","link":"https:\/\/mundodocarnaval.com.br\/pt_br\/uniao-de-marica-realiza-segunda-eliminatoria-de-samba-enredo\/","title":{"rendered":"Uni\u00e3o de Maric\u00e1 realiza segunda eliminat\u00f3ria de samba-enredo"},"content":{"rendered":"<p>Uni\u00e3o de Maric\u00e1 realiza segunda eliminat\u00f3ria de samba-enredo para o Carnaval 2026 nesta sexta (15)<br \/>\nOito obras seguem na disputa; audi\u00e7\u00e3o interna ser\u00e1 no barrac\u00e3o<\/p>\n<p>A Uni\u00e3o de Maric\u00e1 realiza nesta sexta-feira (15), \u00e0s 20h, no barrac\u00e3o de alegorias, em S\u00e3o Crist\u00f3v\u00e3o, no Rio de Janeiro, a segunda eliminat\u00f3ria de seu concurso de samba-enredo para o Carnaval 2026. A disputa, em formato de audi\u00e7\u00e3o interna para diretoria, compositores e convidados, re\u00fane oito obras que seguem concorrendo para se tornar o hino oficial do enredo \u201cBerenguend\u00e9ns e Balangand\u00e3ns\u201d, desenvolvido pelo carnavalesco Leandro Vieira para a S\u00e9rie Ouro.<\/p>\n<p>A ordem de apresenta\u00e7\u00e3o, definida em sorteio, ser\u00e1 a seguinte:<\/p>\n<p>1\u00ba \u2013 Samba 09 \u2013 Rodrigo Vianna e cia<br \/>\n2\u00ba \u2013 Samba 06 \u2013 Vinicius Santos e cia<br \/>\n3\u00ba \u2013 Samba 04 \u2013 Mestre Poraqu\u00ea e cia<br \/>\n4\u00ba \u2013 Samba 12 \u2013 Claudio Russo e cia<br \/>\n5\u00ba \u2013 Samba 11 \u2013 Cacau Souza e cia<br \/>\n6\u00ba \u2013 Samba 10 \u2013 Will do Aconchego e cia<br \/>\n7\u00ba \u2013 Samba 07 \u2013 Babby do Cavaco e cia<br \/>\n8\u00ba \u2013 Samba 08 \u2013 Pedro Cassa e cia<\/p>\n<p>A semifinal e a final, marcadas  para o dia 22 e 29 de agosto, respectivamente, acontecer\u00e3o na quadra da escola, em Maric\u00e1, aberta ao p\u00fablico. No Carnaval 2026, a Uni\u00e3o de Maric\u00e1 ser\u00e1 a sexta a desfilar no dia 14 de fevereiro, na Sapuca\u00ed, em busca do t\u00e3o sonhado acesso ao Grupo Especial.<\/p>\n<p>Fotos: Ney Junior<\/p>\n","protected":false},"excerpt":{"rendered":"<p>Uni\u00e3o de Maric\u00e1 realiza segunda eliminat\u00f3ria de samba-enredo para o Carnaval 2026 nesta sexta (15) Oito obras seguem na disputa; audi\u00e7\u00e3o interna ser\u00e1 no barrac\u00e3o A Uni\u00e3o de Maric\u00e1 realiza nesta sexta-feira (15), \u00e0s 20h, no barrac\u00e3o de alegorias, em S\u00e3o Crist\u00f3v\u00e3o, no Rio de Janeiro, a segunda eliminat\u00f3ria de seu concurso de samba-enredo para [&hellip;]<\/p>\n","protected":false},"author":1,"featured_media":3430,"comment_status":"closed","ping_status":"closed","sticky":false,"template":"","format":"standard","meta":{"footnotes":""},"categories":[13],"tags":[],"class_list":["post-3429","post","type-post","status-publish","format-standard","has-post-thumbnail","hentry","category-fashion"],"_links":{"self":[{"href":"https:\/\/mundodocarnaval.com.br\/pt_br\/wp-json\/wp\/v2\/posts\/3429","targetHints":{"allow":["GET"]}}],"collection":[{"href":"https:\/\/mundodocarnaval.com.br\/pt_br\/wp-json\/wp\/v2\/posts"}],"about":[{"href":"https:\/\/mundodocarnaval.com.br\/pt_br\/wp-json\/wp\/v2\/types\/post"}],"author":[{"embeddable":true,"href":"https:\/\/mundodocarnaval.com.br\/pt_br\/wp-json\/wp\/v2\/users\/1"}],"replies":[{"embeddable":true,"href":"https:\/\/mundodocarnaval.com.br\/pt_br\/wp-json\/wp\/v2\/comments?post=3429"}],"version-history":[{"count":1,"href":"https:\/\/mundodocarnaval.com.br\/pt_br\/wp-json\/wp\/v2\/posts\/3429\/revisions"}],"predecessor-version":[{"id":3431,"href":"https:\/\/mundodocarnaval.com.br\/pt_br\/wp-json\/wp\/v2\/posts\/3429\/revisions\/3431"}],"wp:featuredmedia":[{"embeddable":true,"href":"https:\/\/mundodocarnaval.com.br\/pt_br\/wp-json\/wp\/v2\/media\/3430"}],"wp:attachment":[{"href":"https:\/\/mundodocarnaval.com.br\/pt_br\/wp-json\/wp\/v2\/media?parent=3429"}],"wp:term":[{"taxonomy":"category","embeddable":true,"href":"https:\/\/mundodocarnaval.com.br\/pt_br\/wp-json\/wp\/v2\/categories?post=3429"},{"taxonomy":"post_tag","embeddable":true,"href":"https:\/\/mundodocarnaval.com.br\/pt_br\/wp-json\/wp\/v2\/tags?post=3429"}],"curies":[{"name":"wp","href":"https:\/\/api.w.org\/{rel}","templated":true}]}}