{"id":3432,"date":"2025-08-15T17:14:13","date_gmt":"2025-08-15T20:14:13","guid":{"rendered":"https:\/\/mundodocarnaval.com.br\/?p=3432"},"modified":"2025-08-15T17:14:13","modified_gmt":"2025-08-15T20:14:13","slug":"nathalia-brito-cai-no-samba-na-uniao-da-ilha-e-celebra-jornada-dupla","status":"publish","type":"post","link":"https:\/\/mundodocarnaval.com.br\/pt_br\/nathalia-brito-cai-no-samba-na-uniao-da-ilha-e-celebra-jornada-dupla\/","title":{"rendered":"Nath\u00e1lia Brito cai no samba na Uni\u00e3o da Ilha e celebra jornada dupla"},"content":{"rendered":"<p>Nath\u00e1lia Brito cai no samba na Uni\u00e3o da Ilha e celebra jornada dupla no Carnaval 2026<\/p>\n<p>O \u00faltimo final de semana foi de muito samba no p\u00e9 para Nath\u00e1lia Brito. Rec\u00e9m-anunciada como musa da Uni\u00e3o da Ilha do Governador, a beldade marcou presen\u00e7a na festa que definiu o samba-enredo da escola para o Carnaval de 2026.<\/p>\n<p>Figura j\u00e1 conhecida na folia, Nath\u00e1lia ter\u00e1 uma verdadeira maratona carnavalesca: al\u00e9m de sua estreia como musa da Uni\u00e3o da Ilha, seguir\u00e1 para o quarto ano consecutivo como rainha de bateria da Independente da Pra\u00e7a da Bandeira, que desfila na Intendente Magalh\u00e3es.<\/p>\n<p>Para a ocasi\u00e3o especial, a nova musa vestiu as cores da agremia\u00e7\u00e3o insulana e se apresentou ao lado do time de musas da escola, esbanjando simpatia e carisma. M\u00e9dica especialista em emagrecimento, Nath\u00e1lia comemorou o carinho recebido pela comunidade.<\/p>\n<p>\u201cDesde que fui anunciada j\u00e1 recebi muito carinho das pessoas da Ilha, e essa troca \u00e9 fundamental para criarmos uma conex\u00e3o de afeto. Agora, com o nosso samba escolhido, n\u00e3o vejo a hora de come\u00e7armos os ensaios e toda a correria do pr\u00e9-Carnaval 2026\u201d, declarou.<\/p>\n<p>Com energia redobrada e paix\u00e3o pelo samba, Nath\u00e1lia promete encantar na Marqu\u00eas de Sapuca\u00ed e tamb\u00e9m na Intendente, levando toda sua garra e amor ao Carnaval.<\/p>\n<p>Fotos: Divulga\u00e7\u00e3o \/ Gardel Assessoria<\/p>\n","protected":false},"excerpt":{"rendered":"<p>Nath\u00e1lia Brito cai no samba na Uni\u00e3o da Ilha e celebra jornada dupla no Carnaval 2026 O \u00faltimo final de semana foi de muito samba no p\u00e9 para Nath\u00e1lia Brito. Rec\u00e9m-anunciada como musa da Uni\u00e3o da Ilha do Governador, a beldade marcou presen\u00e7a na festa que definiu o samba-enredo da escola para o Carnaval de [&hellip;]<\/p>\n","protected":false},"author":1,"featured_media":3433,"comment_status":"closed","ping_status":"closed","sticky":false,"template":"","format":"standard","meta":{"footnotes":""},"categories":[13],"tags":[],"class_list":["post-3432","post","type-post","status-publish","format-standard","has-post-thumbnail","hentry","category-fashion"],"_links":{"self":[{"href":"https:\/\/mundodocarnaval.com.br\/pt_br\/wp-json\/wp\/v2\/posts\/3432","targetHints":{"allow":["GET"]}}],"collection":[{"href":"https:\/\/mundodocarnaval.com.br\/pt_br\/wp-json\/wp\/v2\/posts"}],"about":[{"href":"https:\/\/mundodocarnaval.com.br\/pt_br\/wp-json\/wp\/v2\/types\/post"}],"author":[{"embeddable":true,"href":"https:\/\/mundodocarnaval.com.br\/pt_br\/wp-json\/wp\/v2\/users\/1"}],"replies":[{"embeddable":true,"href":"https:\/\/mundodocarnaval.com.br\/pt_br\/wp-json\/wp\/v2\/comments?post=3432"}],"version-history":[{"count":1,"href":"https:\/\/mundodocarnaval.com.br\/pt_br\/wp-json\/wp\/v2\/posts\/3432\/revisions"}],"predecessor-version":[{"id":3434,"href":"https:\/\/mundodocarnaval.com.br\/pt_br\/wp-json\/wp\/v2\/posts\/3432\/revisions\/3434"}],"wp:featuredmedia":[{"embeddable":true,"href":"https:\/\/mundodocarnaval.com.br\/pt_br\/wp-json\/wp\/v2\/media\/3433"}],"wp:attachment":[{"href":"https:\/\/mundodocarnaval.com.br\/pt_br\/wp-json\/wp\/v2\/media?parent=3432"}],"wp:term":[{"taxonomy":"category","embeddable":true,"href":"https:\/\/mundodocarnaval.com.br\/pt_br\/wp-json\/wp\/v2\/categories?post=3432"},{"taxonomy":"post_tag","embeddable":true,"href":"https:\/\/mundodocarnaval.com.br\/pt_br\/wp-json\/wp\/v2\/tags?post=3432"}],"curies":[{"name":"wp","href":"https:\/\/api.w.org\/{rel}","templated":true}]}}