{"id":3435,"date":"2025-08-15T20:41:28","date_gmt":"2025-08-15T23:41:28","guid":{"rendered":"https:\/\/mundodocarnaval.com.br\/?p=3435"},"modified":"2025-08-15T20:41:28","modified_gmt":"2025-08-15T23:41:28","slug":"portela-da-inicio-ao-concurso-de-sambas-para-o-carnaval-2026","status":"publish","type":"post","link":"https:\/\/mundodocarnaval.com.br\/pt_br\/portela-da-inicio-ao-concurso-de-sambas-para-o-carnaval-2026\/","title":{"rendered":"Portela d\u00e1 in\u00edcio ao concurso de sambas para o Carnaval 2026"},"content":{"rendered":"<p>Portela d\u00e1 in\u00edcio ao concurso de sambas para o Carnaval 2026<br \/>\nCom 36 sambas inscritos, a disputa acontece em duas etapas no Rio de Janeiro e no Sul<br \/>\nNo pr\u00f3ximo domingo, dia 17 de agosto, a partir das 16h, a Portela dar\u00e1 in\u00edcio ao concurso que vai escolher o hino oficial para o Carnaval 2026. Com 36 obras inscritas, a disputa promete ser uma das maiores e mais emocionantes da hist\u00f3ria da Azul e Branca de Oswaldo Cruz e Madureira. A apresenta\u00e7\u00e3o dos sambas ser\u00e1 realizada na quadra da agremia\u00e7\u00e3o, localizada na Rua Clara Nunes, n\u00ba 81, em Madureira.<br \/>\nPara o Carnaval 2026, a \u00c1guia Altaneira apresentar\u00e1 na Marqu\u00eas de Sapuca\u00ed o enredo \u201cO Mist\u00e9rio do Pr\u00edncipe do Bar\u00e1 \u2014 A ora\u00e7\u00e3o do Negrinho e a ressurrei\u00e7\u00e3o de sua coroa sob o c\u00e9u aberto do Rio Grande\u201d, do Carnavalesco Andr\u00e9 Rodrigues, que tem como objetivo falar sobre as ra\u00edzes afro-ga\u00fachas por meio da hist\u00f3ria do Negrinho do Pastoreio e o mist\u00e9rio do pr\u00edncipe Bar\u00e1.<br \/>\nO presidente, Junior Escafura, destacou a evolu\u00e7\u00e3o dos sambas concorrentes para 2026.\u00a0<br \/>\nEste ano, o concurso ser\u00e1 realizado tanto no Rio de Janeiro quanto no Sul, por conta do enredo. E receber 36 obras, s\u00f3 refor\u00e7a o quanto a Portela \u00e9 uma escola feita por compositores. \u00c9 uma safra que h\u00e1 muito tempo n\u00e3o v\u00edamos na escola. Essa qualidade \u00e9 resultado do trabalho e dedica\u00e7\u00e3o da Ala de Compositores Ary do Cavaco, declarou Junior Escafura.<br \/>\nLembrando que, neste domingo, ser\u00e3o apresentados os 27 sambas da ala de compositores da Portela. J\u00e1 as outras nove obras, fazem parte do concurso que ser\u00e1 realizado no Sul, com in\u00edcio no dia 24 de agosto, na quadra da escola Bambas da Orgia.<br \/>\nConfira a ordem de apresenta\u00e7\u00e3o dos sambas no domingo:\u00a0<br \/>\n* 1\u00b0 &#8211; Samir Trindade e cia.<br \/>\n* 2\u00b0 &#8211; Poeta do Rio<br \/>\n* 3\u00b0 &#8211; Edson Batista<br \/>\n* 4\u00b0 &#8211; Mariene de Castro e cia.<br \/>\n* 5\u00b0 &#8211; L\u00eddia Ga\u00facha e cia.<br \/>\n* 6\u00b0 &#8211; Sorongo e cia.<br \/>\n* 7\u00b0 &#8211; Bita da Portela e cia.<br \/>\n* 8\u00b0 &#8211; Phabbio Salvatt e cia.<br \/>\n* 9\u00b0 &#8211; Hebinho e cia.<br \/>\n* 10\u00b0 &#8211; Roberto Farmaco e cia.<br \/>\n* 11\u00b0 &#8211; Lu\u00eds Caf\u00e9 e cia.<br \/>\n* 12\u00b0 &#8211; Denice Candeia e cia.<br \/>\n* 13\u00b0 &#8211; Ti\u00e3o Sap\u00ea e cia.<br \/>\n* 14\u00b0 &#8211; Marcello Luz e cia.<br \/>\n* 15\u00b0 &#8211; C\u00e9sar Antunes e cia.<br \/>\n* 16\u00b0 &#8211; Edynel e cia.<br \/>\n* 17\u00b0 &#8211; Enidio Guimar\u00e3es e cia.<br \/>\n* 18\u00b0 &#8211; Meri de Liz e cia.<br \/>\n* 19\u00b0 &#8211; Naldo da Portela e cia.<br \/>\n* 20\u00b0 &#8211; Valtinho Botafogo e cia.<br \/>\n* 21\u00b0 &#8211; Lu\u00eds Carlos M\u00e1ximo e cia.<br \/>\n* 22\u00b0 &#8211; Claudinho DVD e cia.<br \/>\n* 23\u00b0 &#8211; Toninho Geraes e cia.<br \/>\n* 24\u00b0 &#8211; Cec\u00edlia Cruz e cia.<br \/>\n* 25\u00b0 &#8211; Wagner Benson e cia.<br \/>\n* 26\u00b0 &#8211; Nei Brito e cia.<br \/>\n*\u00a0 27\u00b0 &#8211; Raphael Gigante e cia.<br \/>\nOs ingressos para a apresenta\u00e7\u00e3o est\u00e3o \u00e0 venda no site da Bilheteria Digital ou podem ser adquiridos diretamente na bilheteria da escola.<br \/>\nServi\u00e7o<br \/>\nApresenta\u00e7\u00e3o dos sambas concorrentes para o Carnaval 2026 \u2013 Portela<br \/>\nData: Domingo, 17 de agosto de 2025<br \/>\nHor\u00e1rio: Abertura dos port\u00f5es \u00e0s 16h<br \/>\nLocal: Quadra da Portela \u2013 Rua Clara Nunes, n\u00ba 81 \u2013 Madureira<\/p>\n<p>Cr\u00e9dito: Feras do Carnaval<\/p>\n","protected":false},"excerpt":{"rendered":"<p>Portela d\u00e1 in\u00edcio ao concurso de sambas para o Carnaval 2026 Com 36 sambas inscritos, a disputa acontece em duas etapas no Rio de Janeiro e no Sul No pr\u00f3ximo domingo, dia 17 de agosto, a partir das 16h, a Portela dar\u00e1 in\u00edcio ao concurso que vai escolher o hino oficial para o Carnaval 2026. [&hellip;]<\/p>\n","protected":false},"author":1,"featured_media":3436,"comment_status":"closed","ping_status":"closed","sticky":false,"template":"","format":"standard","meta":{"footnotes":""},"categories":[12],"tags":[],"class_list":["post-3435","post","type-post","status-publish","format-standard","has-post-thumbnail","hentry","category-grupo-especial"],"_links":{"self":[{"href":"https:\/\/mundodocarnaval.com.br\/pt_br\/wp-json\/wp\/v2\/posts\/3435","targetHints":{"allow":["GET"]}}],"collection":[{"href":"https:\/\/mundodocarnaval.com.br\/pt_br\/wp-json\/wp\/v2\/posts"}],"about":[{"href":"https:\/\/mundodocarnaval.com.br\/pt_br\/wp-json\/wp\/v2\/types\/post"}],"author":[{"embeddable":true,"href":"https:\/\/mundodocarnaval.com.br\/pt_br\/wp-json\/wp\/v2\/users\/1"}],"replies":[{"embeddable":true,"href":"https:\/\/mundodocarnaval.com.br\/pt_br\/wp-json\/wp\/v2\/comments?post=3435"}],"version-history":[{"count":1,"href":"https:\/\/mundodocarnaval.com.br\/pt_br\/wp-json\/wp\/v2\/posts\/3435\/revisions"}],"predecessor-version":[{"id":3437,"href":"https:\/\/mundodocarnaval.com.br\/pt_br\/wp-json\/wp\/v2\/posts\/3435\/revisions\/3437"}],"wp:featuredmedia":[{"embeddable":true,"href":"https:\/\/mundodocarnaval.com.br\/pt_br\/wp-json\/wp\/v2\/media\/3436"}],"wp:attachment":[{"href":"https:\/\/mundodocarnaval.com.br\/pt_br\/wp-json\/wp\/v2\/media?parent=3435"}],"wp:term":[{"taxonomy":"category","embeddable":true,"href":"https:\/\/mundodocarnaval.com.br\/pt_br\/wp-json\/wp\/v2\/categories?post=3435"},{"taxonomy":"post_tag","embeddable":true,"href":"https:\/\/mundodocarnaval.com.br\/pt_br\/wp-json\/wp\/v2\/tags?post=3435"}],"curies":[{"name":"wp","href":"https:\/\/api.w.org\/{rel}","templated":true}]}}