{"id":3444,"date":"2025-08-20T15:06:03","date_gmt":"2025-08-20T18:06:03","guid":{"rendered":"https:\/\/mundodocarnaval.com.br\/?p=3444"},"modified":"2025-08-20T15:06:04","modified_gmt":"2025-08-20T18:06:04","slug":"tuiuti-apresenta-samba-enredo","status":"publish","type":"post","link":"https:\/\/mundodocarnaval.com.br\/pt_br\/tuiuti-apresenta-samba-enredo\/","title":{"rendered":"Tuiuti apresenta samba-enredo"},"content":{"rendered":"<p>Tuiuti apresenta samba-enredo para Carnaval 2026 em festa na Cidade do Samba<\/p>\n<p>Com a Cidade do Samba lotada, o Para\u00edso do Tuiuti apresentou, na madrugada deste s\u00e1bado (16), o samba-enredo oficial do Carnaval 2026. A obra \u00e9 assinada pelos compositores Cl\u00e1udio Russo, Gustavo Clar\u00e3o e Luiz Ant\u00f4nio Simas. A agremia\u00e7\u00e3o vai levar para a Sapuca\u00ed o enredo \u201cLon\u00e3 If\u00e1 Lukumi\u201d sobre uma vertente religiosa afro-cubana que vem sendo redescoberta no Brasil. O tema ser\u00e1 desenvolvido pelo carnavalesco Jack Vasconcelos.<\/p>\n<p>Ao se despedir do samba de 2025, o presidente Renato Thor garantiu que a agremia\u00e7\u00e3o continuar\u00e1 lutando pela causa trans. O Tuiuti ter\u00e1 uma ala formada apenas por trans e travestis no pr\u00f3ximo desfile.<\/p>\n<p>\u201cA hist\u00f3ria de Xica Manicongo, a primeira travesti n\u00e3o-ind\u00edgena do Brasil, continuar\u00e1 viva na nossa escola. O Tuiuti ser\u00e1 sempre esse quilombo do povo preto, exaltando personagens fortes. Em 2026, vamos revelar a for\u00e7a de uma corrente religiosa para acabar com preconceitos e celebrar a paz\u201d, disse Thor.<\/p>\n<p>No ano que vem, o Para\u00edso do Tuiuti desfila ser\u00e1 a primeira escola a desfilar na ter\u00e7a-feira de Carnaval.<\/p>\n<p>Confira a letra do samba-enredo do Tuiuti para Carnaval 2026:<\/p>\n<p>Autores: Cl\u00e1udio Russo, Gustavo Clar\u00e3o e Luiz Antonio Simas<\/p>\n<p>Meu padrinho me falou<\/p>\n<p>Cada um tem seu ori<\/p>\n<p>O destino \u00e9 professor<\/p>\n<p>A raiz \u00e9 Lucumi<\/p>\n<p>If\u00e1, retira dessa flor os seus espinhos <\/p>\n<p>Revela meu odu e seus caminhos<\/p>\n<p>Com os ikins de Orunmil\u00e1 <\/p>\n<p>Me d\u00ea seu ir\u00ea para vida<\/p>\n<p>Olodumar\u00ea, criador<\/p>\n<p>Espalhou ax\u00e9 e amor<\/p>\n<p>No il\u00ea dos orix\u00e1s<\/p>\n<p>E o negro iniciado no segredo <\/p>\n<p>Do reino de Olokun fez sua trilha <\/p>\n<p>Rompendo os grilh\u00f5es de morte e medo<\/p>\n<p>Foi o primeiro babala\u00f4 da ilha<\/p>\n<p>Bab\u00e1 Moforibale, Bab\u00e1 moforibale<\/p>\n<p>Orunmil\u00e1 talad\u00ea, Bab\u00e1 moforibale<\/p>\n<p>Elegu\u00e1 <\/p>\n<p>\u00e9 o dono do poder <\/p>\n<p>moenda n\u00e3o pode mais moer<\/p>\n<p>p\u00f5e fogo na cana<\/p>\n<p>Elegu\u00e1<\/p>\n<p>Tem mandinga e dend\u00ea <\/p>\n<p>hoje o coro vai comer <\/p>\n<p>nas barbas de Havana<\/p>\n<p>Ah! o \u00e2nimo de ser do baticum <\/p>\n<p>Com a l\u00e2mina sagrada de Ogum <\/p>\n<p>E a sina de quem ama o idef\u00e1 <\/p>\n<p>Ah! a rama do Caribe se expandiu <\/p>\n<p>No verde e amarelo do Brasil<\/p>\n<p>Nas cordas do opel\u00e9 e no oponif\u00e1<\/p>\n<p>Derruba os muros quem sabe asfaltar<\/p>\n<p>Caminhos abertos na m\u00e3o de If\u00e1<\/p>\n<p>Que o mundo entenda<\/p>\n<p>O eb\u00f3 vence a dor<\/p>\n<p>Sentado \u00e0 esteira de um babala\u00f4<\/p>\n<p>Ibarab\u00f4, ag\u00f4 Lon\u00e3 <\/p>\n<p>Olukumi<\/p>\n<p>Iboru Iboya Ibosheshe<\/p>\n<p>Canta Tuiuti!<\/p>\n<p>Fotos de divulga\u00e7\u00e3o\/GipeProdu\u00e7\u00e3o em anexo.<\/p>\n","protected":false},"excerpt":{"rendered":"<p>Tuiuti apresenta samba-enredo para Carnaval 2026 em festa na Cidade do Samba Com a Cidade do Samba lotada, o Para\u00edso do Tuiuti apresentou, na madrugada deste s\u00e1bado (16), o samba-enredo oficial do Carnaval 2026. A obra \u00e9 assinada pelos compositores Cl\u00e1udio Russo, Gustavo Clar\u00e3o e Luiz Ant\u00f4nio Simas. A agremia\u00e7\u00e3o vai levar para a Sapuca\u00ed [&hellip;]<\/p>\n","protected":false},"author":1,"featured_media":3445,"comment_status":"closed","ping_status":"closed","sticky":false,"template":"","format":"standard","meta":{"footnotes":""},"categories":[12],"tags":[],"class_list":["post-3444","post","type-post","status-publish","format-standard","has-post-thumbnail","hentry","category-grupo-especial"],"_links":{"self":[{"href":"https:\/\/mundodocarnaval.com.br\/pt_br\/wp-json\/wp\/v2\/posts\/3444","targetHints":{"allow":["GET"]}}],"collection":[{"href":"https:\/\/mundodocarnaval.com.br\/pt_br\/wp-json\/wp\/v2\/posts"}],"about":[{"href":"https:\/\/mundodocarnaval.com.br\/pt_br\/wp-json\/wp\/v2\/types\/post"}],"author":[{"embeddable":true,"href":"https:\/\/mundodocarnaval.com.br\/pt_br\/wp-json\/wp\/v2\/users\/1"}],"replies":[{"embeddable":true,"href":"https:\/\/mundodocarnaval.com.br\/pt_br\/wp-json\/wp\/v2\/comments?post=3444"}],"version-history":[{"count":1,"href":"https:\/\/mundodocarnaval.com.br\/pt_br\/wp-json\/wp\/v2\/posts\/3444\/revisions"}],"predecessor-version":[{"id":3446,"href":"https:\/\/mundodocarnaval.com.br\/pt_br\/wp-json\/wp\/v2\/posts\/3444\/revisions\/3446"}],"wp:featuredmedia":[{"embeddable":true,"href":"https:\/\/mundodocarnaval.com.br\/pt_br\/wp-json\/wp\/v2\/media\/3445"}],"wp:attachment":[{"href":"https:\/\/mundodocarnaval.com.br\/pt_br\/wp-json\/wp\/v2\/media?parent=3444"}],"wp:term":[{"taxonomy":"category","embeddable":true,"href":"https:\/\/mundodocarnaval.com.br\/pt_br\/wp-json\/wp\/v2\/categories?post=3444"},{"taxonomy":"post_tag","embeddable":true,"href":"https:\/\/mundodocarnaval.com.br\/pt_br\/wp-json\/wp\/v2\/tags?post=3444"}],"curies":[{"name":"wp","href":"https:\/\/api.w.org\/{rel}","templated":true}]}}