{"id":3455,"date":"2025-08-20T17:38:36","date_gmt":"2025-08-20T20:38:36","guid":{"rendered":"https:\/\/mundodocarnaval.com.br\/?p=3455"},"modified":"2025-08-20T17:38:36","modified_gmt":"2025-08-20T20:38:36","slug":"unidos-do-jacarezinho-realiza-ultimas-etapas-de-tira-duvidas","status":"publish","type":"post","link":"https:\/\/mundodocarnaval.com.br\/pt_br\/unidos-do-jacarezinho-realiza-ultimas-etapas-de-tira-duvidas\/","title":{"rendered":"Unidos do Jacarezinho realiza \u00faltimas etapas de tira-d\u00favidas"},"content":{"rendered":"<p>Unidos do Jacarezinho realiza \u00faltimas etapas de tira-d\u00favidas com os compositores<\/p>\n<p>Encontros acontecem sextas 22 e 29 na quadra<\/p>\n<p>A Unidos do Jacarezinho realizar\u00e1 nas pr\u00f3ximas sextas-feiras, dias 22 e 29 de agosto, a \u00faltima etapa de tira-d\u00favidas com o carnavalesco Bruno Oliveira e a equipe de carnaval sobre o enredo do carnaval 2026 e os compositores. <\/p>\n<p>Os encontros s\u00e3o direcionados aos poetas como forma de acompanhar o processo de constru\u00e7\u00e3o das obras concorrentes e garantir nenhuma intercorr\u00eancia nas obras que ser\u00e3o inscritas no concurso de samba-enredo. As parcerias ser\u00e3o atendidas individualmente por ordem de chegada de 20 \u00e0s 22 horas na quadra.<\/p>\n<p>Visando uma grande disputa de sambas, a Unidos do Jacarezinho para o carnaval 2026 olhou para sua pr\u00f3pria comunidade e escolheu Xande de Pilares como tema do seu enredo \u201cO ar que se respira agora inspira novos tempos\u201d. A disputa ser\u00e1 aberta para autores de fora da ala de compositores da escola. A agremia\u00e7\u00e3o receber\u00e1 as obras no dia 15 de setembro e iniciar\u00e1 a disputa no dia 3 de outubro. A grande final acontecer\u00e1 no dia 17 do mesmo m\u00eas.<\/p>\n<p>Sinopse, regulamento completo e ficha de inscri\u00e7\u00e3o poder\u00e3o ser obtidos atrav\u00e9s do link: https:\/\/drive.google.com\/drive\/folders\/1HybPQ22UL06FOzYBAEwNs7KxHlhk4Uky.<\/p>\n<p>A quadra da Unidos do Jacarezinho fica localizada na Avenida Dom H\u00e9lder C\u00e2mara n\u00ba 2233. A agremia\u00e7\u00e3o desfilar\u00e1 na sexta-feira de carnaval, dia 13 de fevereiro, sendo a primeira a pisar na Sapuca\u00ed pela S\u00e9rie Ouro.<\/p>\n<p>Fotos: Gabriel Belmiro<\/p>\n","protected":false},"excerpt":{"rendered":"<p>Unidos do Jacarezinho realiza \u00faltimas etapas de tira-d\u00favidas com os compositores Encontros acontecem sextas 22 e 29 na quadra A Unidos do Jacarezinho realizar\u00e1 nas pr\u00f3ximas sextas-feiras, dias 22 e 29 de agosto, a \u00faltima etapa de tira-d\u00favidas com o carnavalesco Bruno Oliveira e a equipe de carnaval sobre o enredo do carnaval 2026 e [&hellip;]<\/p>\n","protected":false},"author":1,"featured_media":3456,"comment_status":"closed","ping_status":"closed","sticky":false,"template":"","format":"standard","meta":{"footnotes":""},"categories":[13],"tags":[],"class_list":["post-3455","post","type-post","status-publish","format-standard","has-post-thumbnail","hentry","category-fashion"],"_links":{"self":[{"href":"https:\/\/mundodocarnaval.com.br\/pt_br\/wp-json\/wp\/v2\/posts\/3455","targetHints":{"allow":["GET"]}}],"collection":[{"href":"https:\/\/mundodocarnaval.com.br\/pt_br\/wp-json\/wp\/v2\/posts"}],"about":[{"href":"https:\/\/mundodocarnaval.com.br\/pt_br\/wp-json\/wp\/v2\/types\/post"}],"author":[{"embeddable":true,"href":"https:\/\/mundodocarnaval.com.br\/pt_br\/wp-json\/wp\/v2\/users\/1"}],"replies":[{"embeddable":true,"href":"https:\/\/mundodocarnaval.com.br\/pt_br\/wp-json\/wp\/v2\/comments?post=3455"}],"version-history":[{"count":1,"href":"https:\/\/mundodocarnaval.com.br\/pt_br\/wp-json\/wp\/v2\/posts\/3455\/revisions"}],"predecessor-version":[{"id":3457,"href":"https:\/\/mundodocarnaval.com.br\/pt_br\/wp-json\/wp\/v2\/posts\/3455\/revisions\/3457"}],"wp:featuredmedia":[{"embeddable":true,"href":"https:\/\/mundodocarnaval.com.br\/pt_br\/wp-json\/wp\/v2\/media\/3456"}],"wp:attachment":[{"href":"https:\/\/mundodocarnaval.com.br\/pt_br\/wp-json\/wp\/v2\/media?parent=3455"}],"wp:term":[{"taxonomy":"category","embeddable":true,"href":"https:\/\/mundodocarnaval.com.br\/pt_br\/wp-json\/wp\/v2\/categories?post=3455"},{"taxonomy":"post_tag","embeddable":true,"href":"https:\/\/mundodocarnaval.com.br\/pt_br\/wp-json\/wp\/v2\/tags?post=3455"}],"curies":[{"name":"wp","href":"https:\/\/api.w.org\/{rel}","templated":true}]}}