{"id":3458,"date":"2025-08-20T18:08:25","date_gmt":"2025-08-20T21:08:25","guid":{"rendered":"https:\/\/mundodocarnaval.com.br\/?p=3458"},"modified":"2025-08-20T18:08:25","modified_gmt":"2025-08-20T21:08:25","slug":"disputa-de-samba-enredo-do-salgueiro-segue-neste-sabado","status":"publish","type":"post","link":"https:\/\/mundodocarnaval.com.br\/pt_br\/disputa-de-samba-enredo-do-salgueiro-segue-neste-sabado\/","title":{"rendered":"Disputa de samba-enredo do Salgueiro segue neste s\u00e1bado"},"content":{"rendered":"<p>Disputa de samba-enredo do Salgueiro segue neste s\u00e1bado (23) com nove obras classificadas<\/p>\n<p>A quadra do GRES Acad\u00eamicos do Salgueiro ser\u00e1 palco, neste s\u00e1bado (23), de mais uma etapa da disputa que vai escolher o samba-enredo da escola para o Carnaval 2026. Nove obras seguem na corrida ap\u00f3s a \u00faltima eliminat\u00f3ria, que reuniu muito talento e samba no Torr\u00e3o Amado.<\/p>\n<p>As parcerias classificadas s\u00e3o:<\/p>\n<p>Samba 01 \u2013 Bernardo Nobre e parceria<\/p>\n<p>Samba 06 \u2013 Xande de Pilares e parceria<\/p>\n<p>Samba 07 \u2013 Serginho do Porto e parceria<\/p>\n<p>Samba 08 \u2013 Marcelo Motta e parceria<\/p>\n<p>Samba 09 \u2013 Mois\u00e9s Santiago e parceria<\/p>\n<p>Samba 11 \u2013 Rafa Hecht e parceria<\/p>\n<p>Samba 13 \u2013 Paulo C\u00e9sar Feital e parceria<\/p>\n<p>Samba 15 \u2013 Marcelo Adnet e parceria<\/p>\n<p>Samba 18 \u2013 Gui Salgueiro e parceria<\/p>\n<p>Antes das apresenta\u00e7\u00f5es, o p\u00fablico poder\u00e1 assistir a um show completo do Salgueiro, com carro de som, a Bateria Furiosa, casais de mestre-sala e porta-bandeira, passistas, baianas, velha guarda e maculel\u00ea.<\/p>\n<p>Os ingressos est\u00e3o dispon\u00edveis no site Guich\u00ea Web.<\/p>\n<p>Valores \u2013 1\u00ba lote<\/p>\n<p>Pista: a partir de R$ 30<\/p>\n<p>Jirau: a partir de R$ 40<\/p>\n<p>Mesas (4 pessoas, ingresso incluso): R$ 130<\/p>\n<p>Camarote lateral (12 pessoas): R$ 500<\/p>\n<p>Camarote frontal (12 pessoas): R$ 700<\/p>\n<p>Servi\u00e7o \u2013 Eliminat\u00f3rias do Samba-Enredo 2026 do Salgueiro<\/p>\n<p>Data: S\u00e1bado, 23 de agosto<\/p>\n<p>Hor\u00e1rio: A partir das 20h30<\/p>\n<p>Local: Quadra do GRES Acad\u00eamicos do Salgueiro \u2013 Rua Silva Teles, 104, Andara\u00ed \u2013 Rio de Janeiro (RJ)<\/p>\n<p>Atra\u00e7\u00f5es: Show completo do Salgueiro e apresenta\u00e7\u00f5es dos nove sambas classificados<\/p>\n<p>Ingressos: \u00c0 venda no Guich\u00ea Web \u2013 https:\/\/www.guicheweb.com.br\/eliminatorias-do-samba-enredo-2026_45653<\/p>\n<p>Fotos: Rogerio Neves<\/p>\n","protected":false},"excerpt":{"rendered":"<p>Disputa de samba-enredo do Salgueiro segue neste s\u00e1bado (23) com nove obras classificadas A quadra do GRES Acad\u00eamicos do Salgueiro ser\u00e1 palco, neste s\u00e1bado (23), de mais uma etapa da disputa que vai escolher o samba-enredo da escola para o Carnaval 2026. Nove obras seguem na corrida ap\u00f3s a \u00faltima eliminat\u00f3ria, que reuniu muito talento [&hellip;]<\/p>\n","protected":false},"author":1,"featured_media":3459,"comment_status":"closed","ping_status":"closed","sticky":false,"template":"","format":"standard","meta":{"footnotes":""},"categories":[12],"tags":[],"class_list":["post-3458","post","type-post","status-publish","format-standard","has-post-thumbnail","hentry","category-grupo-especial"],"_links":{"self":[{"href":"https:\/\/mundodocarnaval.com.br\/pt_br\/wp-json\/wp\/v2\/posts\/3458","targetHints":{"allow":["GET"]}}],"collection":[{"href":"https:\/\/mundodocarnaval.com.br\/pt_br\/wp-json\/wp\/v2\/posts"}],"about":[{"href":"https:\/\/mundodocarnaval.com.br\/pt_br\/wp-json\/wp\/v2\/types\/post"}],"author":[{"embeddable":true,"href":"https:\/\/mundodocarnaval.com.br\/pt_br\/wp-json\/wp\/v2\/users\/1"}],"replies":[{"embeddable":true,"href":"https:\/\/mundodocarnaval.com.br\/pt_br\/wp-json\/wp\/v2\/comments?post=3458"}],"version-history":[{"count":1,"href":"https:\/\/mundodocarnaval.com.br\/pt_br\/wp-json\/wp\/v2\/posts\/3458\/revisions"}],"predecessor-version":[{"id":3460,"href":"https:\/\/mundodocarnaval.com.br\/pt_br\/wp-json\/wp\/v2\/posts\/3458\/revisions\/3460"}],"wp:featuredmedia":[{"embeddable":true,"href":"https:\/\/mundodocarnaval.com.br\/pt_br\/wp-json\/wp\/v2\/media\/3459"}],"wp:attachment":[{"href":"https:\/\/mundodocarnaval.com.br\/pt_br\/wp-json\/wp\/v2\/media?parent=3458"}],"wp:term":[{"taxonomy":"category","embeddable":true,"href":"https:\/\/mundodocarnaval.com.br\/pt_br\/wp-json\/wp\/v2\/categories?post=3458"},{"taxonomy":"post_tag","embeddable":true,"href":"https:\/\/mundodocarnaval.com.br\/pt_br\/wp-json\/wp\/v2\/tags?post=3458"}],"curies":[{"name":"wp","href":"https:\/\/api.w.org\/{rel}","templated":true}]}}