{"id":3467,"date":"2025-08-21T17:50:34","date_gmt":"2025-08-21T20:50:34","guid":{"rendered":"https:\/\/mundodocarnaval.com.br\/?p=3467"},"modified":"2025-08-21T17:50:34","modified_gmt":"2025-08-21T20:50:34","slug":"festa-do-samba-recebe-marina-iris-inacio-rios-e-hugo-ojuara","status":"publish","type":"post","link":"https:\/\/mundodocarnaval.com.br\/pt_br\/festa-do-samba-recebe-marina-iris-inacio-rios-e-hugo-ojuara\/","title":{"rendered":"Festa do Samba recebe Marina Iris, In\u00e1cio Rios e Hugo Ojuara"},"content":{"rendered":"<p>Festa do Samba recebe Hugo Ojuara, In\u00e1cio Rios e Marina Iris no Terra\u00e7o do Samba<\/p>\n<p>O evento \u00e9 realizado em um dos pontos mais bonitos da Cidade Maravilhosa<\/p>\n<p>Um dos eventos mais esperados dos \u00faltimos meses ter\u00e1 mais uma edi\u00e7\u00e3o: a Festa do Samba recebe Hugo Ojuara, In\u00e1cio Rios e Marina Iris para fazer aquele samba malandreado no terra\u00e7o da Cidade do Samba, no Santo Cristo, no dia 22 de agosto, a partir das 18 horas. <\/p>\n<p>Idealizada por Nego \u00c1lvaro e F\u00e1bio Fran\u00e7a, a roda de samba recebe diversos artistas do segmento em uma vista privilegiada. J\u00e1 passaram pelo palco Pretinho da Serrinha, Rita Benneditto e Para\u00edso do Tuiuti. O evento une a for\u00e7a da roda de samba tradicional \u00e0 presen\u00e7a marcante de convidados especiais que vivem o esp\u00edrito do carnaval o ano inteiro. <\/p>\n<p>A Festa do Samba prop\u00f5e uma celebra\u00e7\u00e3o que valoriza a ancestralidade do ritmo, mas tamb\u00e9m abre espa\u00e7o para a inova\u00e7\u00e3o e o frescor de novas vozes e talentos. Tudo isso em um cen\u00e1rio \u00fanico: o p\u00f4r do sol sobre a Cidade Maravilhosa como pano de fundo.<\/p>\n<p>Hugo Ojuara \u00e9 cantor, compositor e percussionista carioca com passagens s\u00f3lidas por algumas das principais rodas de Samba do Rio de Janeiro, entre elas Samba do Bilhetinho, Fuzu\u00ea de Iai\u00e1, Samba da Casa Amarela, Sambarilove, Pagode \u00e0 Milanesa, Sambotica e Coisas Incr\u00edveis.<\/p>\n<p>Filho de Z\u00e9 Catimba, um dos fundadores da Imperatriz Leopoldinense, In\u00e1cio Rios tem uma carreira longa no samba, iniciando oficialmente aos 12 anos, no \u00e1lbum Botequim do Martinho. Atualmente, comanda a roda de samba Encontros Casuais, ao lado do tamb\u00e9m cantor e compositor Mosquito, todas as quintas-feiras, no tradicional Beco do Rato.<\/p>\n<p>Marina Iris \u00e9 compositora. Foi criada no bairro do M\u00e9ier, no sub\u00farbio do Rio de Janeiro. Em 2014 lan\u00e7ou seu CD de estreia \u201cMarina Iris\u201d, com m\u00fasicas autorais como \u201cEstreia\u201d (c\/ Manu da Cu\u00edca) e \u201cPapagaio\u201d, com a participa\u00e7\u00e3o de Lucio Sanfilippo. O show de lan\u00e7amento do disco foi apresentado no Teatro Rival, no Rio de Janeiro.<\/p>\n<p>Para F\u00e1bio Fran\u00e7a, produzir um evento como a Festa do Samba \u00e9 um exerc\u00edcio de paix\u00e3o e precis\u00e3o, que demora meses para ser desenhado para garantir que o p\u00fablico viva uma experi\u00eancia aut\u00eantica, desde a curadoria dos artistas que representam v\u00e1rias gera\u00e7\u00f5es do samba, at\u00e9 a escolha do cen\u00e1rio \u2013 o Terra\u00e7o da Cidade do Samba, com sua vista \u00fanica da Roda Gigante e da Ba\u00eda da Guanabara.<\/p>\n<p>\u201c\u00c9 preciso conex\u00e3o profunda com a cultura, conversando com compositores veteranos e revela\u00e7\u00f5es do g\u00eanero, alinhando timbres, repert\u00f3rios e momentos de encontro no palco para que cada apresenta\u00e7\u00e3o revele a continuidade viva do samba. Ao mesmo tempo, cuidamos da log\u00edstica \u2013 som, luz, estrutura de p\u00fablico \u2013 como quem afina um pandeiro e cada ajuste faz toda a diferen\u00e7a\u201d, afirma o idealizador. <\/p>\n<p>Nego \u00c1lvaro refor\u00e7a que essa jun\u00e7\u00e3o de experi\u00eancia e juventude \u00e9 necess\u00e1ria para manter acesa a chama do samba, fazendo com que ele seja perene e valorizado. Ele refor\u00e7a ainda que o samba passa por um momento de transi\u00e7\u00e3o, passando o bast\u00e3o para os mais novos e precisa ser feito de forma gradativa e bem estruturada. <\/p>\n<p>\u201cOs grandes nossos \u00eddolos est\u00e3o envelhecendo, alguns est\u00e3o cheios de sa\u00fade, vivos e, gra\u00e7as a Deus, entregando cada vez mais beleza do samba, ensinando cada vez mais para a gente. Mas sabemos que o ciclo normal da vida \u00e9 que a gente parta, e alguns dos nossos \u00eddolos j\u00e1 foram partindo. Ent\u00e3o, acho que o samba est\u00e1 vivendo um momento de transi\u00e7\u00e3o, e geralmente quando est\u00e1 nesse processo de transi\u00e7\u00e3o, a troca, o que est\u00e1 vindo, a inova\u00e7\u00e3o, ela toma um pouco mais de espa\u00e7o, toma um pouco mais de visibilidade. Porque \u00e9 importante para se manter e \u00e9 o fluxo normal da vida\u201d, comenta o artista que comanda a roda de samba. <\/p>\n<p>\u201cO resultado \u00e9 um di\u00e1logo entre passado e presente, onde o samba ecoa na mem\u00f3ria de quem j\u00e1 o viveu e se renova no entusiasmo das novas gera\u00e7\u00f5es. E, ao ver, as pessoas cantando junto, brindando e se emocionando, percebemos que elevamos o nome do samba na capital carioca e refor\u00e7amos seu papel como patrim\u00f4nio vivo da nossa identidade\u201d, acrescenta F\u00e1bio Fran\u00e7a. <\/p>\n<p>\u00c1lvaro completa ainda refor\u00e7ando que o samba teve seu momento de persegui\u00e7\u00e3o, mas ele sempre se manteve, de uma forma ou outra, em linha reta, linearmente. No entanto, o movimento est\u00e1 expandindo cada vez mais expandindo, falando com mais pessoas. <\/p>\n<p>\u201cA gente v\u00ea a era dos festivais, aqui no Rio de Janeiro, tudo vira festival, como j\u00e1 teve no passado. E a m\u00fasica se renova, ela ajuda n\u00e3o s\u00f3 os seres humanos, assim como tudo que \u00e9 vivo nesse lugar, no planeta. Quanto mais gente ouvindo, consumindo, mais gente cantando, mais aquela coisa m\u00e1gica acontece, mais a magia acontece. E eu acho que isso est\u00e1 ligado \u00e0 energia, \u00e0 renova\u00e7\u00e3o real da energia planet\u00e1ria do mundo. Uma renova\u00e7\u00e3o e uma for\u00e7a para n\u00f3s, seres humanos\u201d, analisa Nego \u00c1lvaro. <\/p>\n<p>Servi\u00e7os<\/p>\n<p>Festa do Samba<\/p>\n<p>22 de agosto, a partir das 18h<\/p>\n<p>Terra\u00e7o da Cidade do Samba &#8211; Rua Rivad\u00e1via Corr\u00eaa, 60, Santo Cristo &#8211; Rio de Janeiro, RJ<\/p>\n<p>Ingressos: Ingressos no sympla<\/p>\n","protected":false},"excerpt":{"rendered":"<p>Festa do Samba recebe Hugo Ojuara, In\u00e1cio Rios e Marina Iris no Terra\u00e7o do Samba O evento \u00e9 realizado em um dos pontos mais bonitos da Cidade Maravilhosa Um dos eventos mais esperados dos \u00faltimos meses ter\u00e1 mais uma edi\u00e7\u00e3o: a Festa do Samba recebe Hugo Ojuara, In\u00e1cio Rios e Marina Iris para fazer aquele [&hellip;]<\/p>\n","protected":false},"author":1,"featured_media":3468,"comment_status":"closed","ping_status":"closed","sticky":false,"template":"","format":"standard","meta":{"footnotes":""},"categories":[11],"tags":[],"class_list":["post-3467","post","type-post","status-publish","format-standard","has-post-thumbnail","hentry","category-noticias"],"_links":{"self":[{"href":"https:\/\/mundodocarnaval.com.br\/pt_br\/wp-json\/wp\/v2\/posts\/3467","targetHints":{"allow":["GET"]}}],"collection":[{"href":"https:\/\/mundodocarnaval.com.br\/pt_br\/wp-json\/wp\/v2\/posts"}],"about":[{"href":"https:\/\/mundodocarnaval.com.br\/pt_br\/wp-json\/wp\/v2\/types\/post"}],"author":[{"embeddable":true,"href":"https:\/\/mundodocarnaval.com.br\/pt_br\/wp-json\/wp\/v2\/users\/1"}],"replies":[{"embeddable":true,"href":"https:\/\/mundodocarnaval.com.br\/pt_br\/wp-json\/wp\/v2\/comments?post=3467"}],"version-history":[{"count":1,"href":"https:\/\/mundodocarnaval.com.br\/pt_br\/wp-json\/wp\/v2\/posts\/3467\/revisions"}],"predecessor-version":[{"id":3469,"href":"https:\/\/mundodocarnaval.com.br\/pt_br\/wp-json\/wp\/v2\/posts\/3467\/revisions\/3469"}],"wp:featuredmedia":[{"embeddable":true,"href":"https:\/\/mundodocarnaval.com.br\/pt_br\/wp-json\/wp\/v2\/media\/3468"}],"wp:attachment":[{"href":"https:\/\/mundodocarnaval.com.br\/pt_br\/wp-json\/wp\/v2\/media?parent=3467"}],"wp:term":[{"taxonomy":"category","embeddable":true,"href":"https:\/\/mundodocarnaval.com.br\/pt_br\/wp-json\/wp\/v2\/categories?post=3467"},{"taxonomy":"post_tag","embeddable":true,"href":"https:\/\/mundodocarnaval.com.br\/pt_br\/wp-json\/wp\/v2\/tags?post=3467"}],"curies":[{"name":"wp","href":"https:\/\/api.w.org\/{rel}","templated":true}]}}