{"id":3470,"date":"2025-08-21T17:55:40","date_gmt":"2025-08-21T20:55:40","guid":{"rendered":"https:\/\/mundodocarnaval.com.br\/?p=3470"},"modified":"2025-08-21T17:55:40","modified_gmt":"2025-08-21T20:55:40","slug":"interprete-charles-silva-reforca-equipe-da-unidos-de-lucas","status":"publish","type":"post","link":"https:\/\/mundodocarnaval.com.br\/pt_br\/interprete-charles-silva-reforca-equipe-da-unidos-de-lucas\/","title":{"rendered":"Int\u00e9rprete Charles Silva refor\u00e7a equipe da Unidos de Lucas"},"content":{"rendered":"<p>Int\u00e9rprete Charles Silva refor\u00e7a equipe da Unidos de Lucas para 2026<\/p>\n<p>A Unidos de Lucas apresentou um grande refor\u00e7o para o carnaval de 2026. Charles Silva chega para somar como int\u00e9rprete oficial da agremia\u00e7\u00e3o ao lado de Felipe Lima. Com uma vasta experi\u00eancia no carnaval, Charles defendeu a obra campe\u00e3 na disputa de samba-enredo da escola para o pr\u00f3ximo desfile.<\/p>\n<p>Charles j\u00e1 foi int\u00e9rprete oficial na Marqu\u00eas de Sapuca\u00ed com escolas como Unidos da Ponte, Est\u00e1cio de S\u00e1 e Em Cima da Hora. E desde 2019 faz parte do carro de som do Acad\u00eamicos do Salgueiro como apoio.<\/p>\n<p>Nona a desfilar no domingo de carnaval, a agremia\u00e7\u00e3o tratar\u00e1 das revoltas que refletem a luta do povo contra a opress\u00e3o e explicitar\u00e1 a desigualdade e a injusti\u00e7a ao longo da sua hist\u00f3ria. O enredo \u201cO povo escreve sua hist\u00f3ria em um sublime pergaminho\u201d \u00e9 de autoria do carnavalesco Lucas Lopes, que tem Paulo Neto e Fabr\u00edcio Lemos na sua equipe criativa, no aux\u00edlio de desenvolvimento.<\/p>\n","protected":false},"excerpt":{"rendered":"<p>Int\u00e9rprete Charles Silva refor\u00e7a equipe da Unidos de Lucas para 2026 A Unidos de Lucas apresentou um grande refor\u00e7o para o carnaval de 2026. Charles Silva chega para somar como int\u00e9rprete oficial da agremia\u00e7\u00e3o ao lado de Felipe Lima. Com uma vasta experi\u00eancia no carnaval, Charles defendeu a obra campe\u00e3 na disputa de samba-enredo da [&hellip;]<\/p>\n","protected":false},"author":1,"featured_media":3471,"comment_status":"closed","ping_status":"closed","sticky":false,"template":"","format":"standard","meta":{"footnotes":""},"categories":[14],"tags":[],"class_list":["post-3470","post","type-post","status-publish","format-standard","has-post-thumbnail","hentry","category-gadgets"],"_links":{"self":[{"href":"https:\/\/mundodocarnaval.com.br\/pt_br\/wp-json\/wp\/v2\/posts\/3470","targetHints":{"allow":["GET"]}}],"collection":[{"href":"https:\/\/mundodocarnaval.com.br\/pt_br\/wp-json\/wp\/v2\/posts"}],"about":[{"href":"https:\/\/mundodocarnaval.com.br\/pt_br\/wp-json\/wp\/v2\/types\/post"}],"author":[{"embeddable":true,"href":"https:\/\/mundodocarnaval.com.br\/pt_br\/wp-json\/wp\/v2\/users\/1"}],"replies":[{"embeddable":true,"href":"https:\/\/mundodocarnaval.com.br\/pt_br\/wp-json\/wp\/v2\/comments?post=3470"}],"version-history":[{"count":1,"href":"https:\/\/mundodocarnaval.com.br\/pt_br\/wp-json\/wp\/v2\/posts\/3470\/revisions"}],"predecessor-version":[{"id":3472,"href":"https:\/\/mundodocarnaval.com.br\/pt_br\/wp-json\/wp\/v2\/posts\/3470\/revisions\/3472"}],"wp:featuredmedia":[{"embeddable":true,"href":"https:\/\/mundodocarnaval.com.br\/pt_br\/wp-json\/wp\/v2\/media\/3471"}],"wp:attachment":[{"href":"https:\/\/mundodocarnaval.com.br\/pt_br\/wp-json\/wp\/v2\/media?parent=3470"}],"wp:term":[{"taxonomy":"category","embeddable":true,"href":"https:\/\/mundodocarnaval.com.br\/pt_br\/wp-json\/wp\/v2\/categories?post=3470"},{"taxonomy":"post_tag","embeddable":true,"href":"https:\/\/mundodocarnaval.com.br\/pt_br\/wp-json\/wp\/v2\/tags?post=3470"}],"curies":[{"name":"wp","href":"https:\/\/api.w.org\/{rel}","templated":true}]}}