{"id":3476,"date":"2025-08-21T18:07:26","date_gmt":"2025-08-21T21:07:26","guid":{"rendered":"https:\/\/mundodocarnaval.com.br\/?p=3476"},"modified":"2025-08-21T18:07:27","modified_gmt":"2025-08-21T21:07:27","slug":"rainha-da-inocentes-de-belford-roxo-investe-em-protocolos","status":"publish","type":"post","link":"https:\/\/mundodocarnaval.com.br\/pt_br\/rainha-da-inocentes-de-belford-roxo-investe-em-protocolos\/","title":{"rendered":"Rainha da Inocentes de Belford Roxo investe em protocolos"},"content":{"rendered":"<p>Rainha da Inocentes de Belford Roxo investe em protocolos de ponta para cuidar do corpo e da pele <\/p>\n<p>Carolane Silva n\u00e3o abre m\u00e3o dos cuidados est\u00e9ticos e quer chegar 100% ao desfile em sua estreia como rainha dos ritmistas da Ca\u00e7ulinha da Baixada <\/p>\n<p>Engana-se quem pensa que a  rotina de rainhas de bateria \u00e9 puro glamour. Para garantir a nota m\u00e1xima na beleza e no samba no p\u00e9, \u00e9 necess\u00e1rio aliar os compromissos di\u00e1rios com a diversidade dos compromissos com a escola e o autocuidado. <\/p>\n<p>Aos 29 anos, Carolane Silva vem se desdobrando para dar conta de tudo. M\u00e3e solo de Felipe, profissional e estudante de gest\u00e3o p\u00fablica, a rainha sempre incluiu tempo na agenda para as atividades f\u00edsicas e est\u00e9tica, no entanto, os cuidados est\u00e3o intensificados desde o an\u00fancio da nova majestade. <\/p>\n<p>\u201cAntes de mais nada, o autocuidado \u00e9 necess\u00e1rio para toda mulher. Somos muito preocupadas com casa, fam\u00edlia, filhos, trabalho, mas quem se preocupa conosco? H\u00e1 uma cobran\u00e7a sobrenatural para que estejamos impec\u00e1veis o tempo todo e isso n\u00e3o \u00e9 f\u00e1cil. No meio do carnaval, principalmente, essa cobran\u00e7a \u00e9 triplicada e, querendo ou n\u00e3o, a gente acaba tendo a miss\u00e3o de incentivar outras mulheres a se cuidarem tamb\u00e9m\u201d, comenta Carolane, que \u00e9 profissional de educa\u00e7\u00e3o f\u00edsica. <\/p>\n<p>A rainha, que este ano estreia \u00e0 frente dos ritmistas da tricolor, tem uma longa trajet\u00f3ria no carnaval.  Embora o samba no p\u00e9 e o shape estejam em dia, ela comenta que sempre h\u00e1 como melhorar. <\/p>\n<p>\u201cIniciei recentemente um protocolo para eliminar a gordura localizada. Sou m\u00e3e e, mesmo com dieta e exerc\u00edcios, a gente sempre tem aquela gordurinha no abd\u00f4men que \u00e9 bem chata, ent\u00e3o acabei recorrendo \u00e0 lipo led para realizar uma remodela\u00e7\u00e3o e melhorar a textura da pele. Senti o resultado j\u00e1 na primeira sess\u00e3o\u201d, conta ela.<\/p>\n<p>Al\u00e9m do procedimento, Carol tamb\u00e9m est\u00e1 recorrendo ao processo de depila\u00e7\u00e3o \u00e0 laser, o que exige ainda mais disciplina  com a rotina. <\/p>\n<p>\u201cSempre fui meio reticente em rela\u00e7\u00e3o \u00e0 depila\u00e7\u00e3o \u00e0 laser porque existem muitos mitos em torno do assunto, sobretudo quando falam que a pele pode escurecer. Antes de realizar o procedimento, tirei todas as d\u00favidas com a profissional, at\u00e9 porque eu amo tomar sol e esse \u00e9 um cuidado que precisamos ter nos dias seguintes ao tratamento. O uso do protetor solar j\u00e1 \u00e9 algo que faz parte do meu dia a dia, principalmente por conta da nossa cidade , onde o sol \u00e9 constante e a pele hidratada tamb\u00e9m \u00e9 algo que para mim n\u00e3o \u00e9 dif\u00edcil, j\u00e1 que al\u00e9m de usar e abusar dos hidratantes, bebo bastante \u00e1gua ao longo do dia\u201d, finaliza <\/p>\n","protected":false},"excerpt":{"rendered":"<p>Rainha da Inocentes de Belford Roxo investe em protocolos de ponta para cuidar do corpo e da pele Carolane Silva n\u00e3o abre m\u00e3o dos cuidados est\u00e9ticos e quer chegar 100% ao desfile em sua estreia como rainha dos ritmistas da Ca\u00e7ulinha da Baixada Engana-se quem pensa que a rotina de rainhas de bateria \u00e9 puro [&hellip;]<\/p>\n","protected":false},"author":1,"featured_media":3477,"comment_status":"closed","ping_status":"closed","sticky":false,"template":"","format":"standard","meta":{"footnotes":""},"categories":[11],"tags":[],"class_list":["post-3476","post","type-post","status-publish","format-standard","has-post-thumbnail","hentry","category-noticias"],"_links":{"self":[{"href":"https:\/\/mundodocarnaval.com.br\/pt_br\/wp-json\/wp\/v2\/posts\/3476","targetHints":{"allow":["GET"]}}],"collection":[{"href":"https:\/\/mundodocarnaval.com.br\/pt_br\/wp-json\/wp\/v2\/posts"}],"about":[{"href":"https:\/\/mundodocarnaval.com.br\/pt_br\/wp-json\/wp\/v2\/types\/post"}],"author":[{"embeddable":true,"href":"https:\/\/mundodocarnaval.com.br\/pt_br\/wp-json\/wp\/v2\/users\/1"}],"replies":[{"embeddable":true,"href":"https:\/\/mundodocarnaval.com.br\/pt_br\/wp-json\/wp\/v2\/comments?post=3476"}],"version-history":[{"count":1,"href":"https:\/\/mundodocarnaval.com.br\/pt_br\/wp-json\/wp\/v2\/posts\/3476\/revisions"}],"predecessor-version":[{"id":3478,"href":"https:\/\/mundodocarnaval.com.br\/pt_br\/wp-json\/wp\/v2\/posts\/3476\/revisions\/3478"}],"wp:featuredmedia":[{"embeddable":true,"href":"https:\/\/mundodocarnaval.com.br\/pt_br\/wp-json\/wp\/v2\/media\/3477"}],"wp:attachment":[{"href":"https:\/\/mundodocarnaval.com.br\/pt_br\/wp-json\/wp\/v2\/media?parent=3476"}],"wp:term":[{"taxonomy":"category","embeddable":true,"href":"https:\/\/mundodocarnaval.com.br\/pt_br\/wp-json\/wp\/v2\/categories?post=3476"},{"taxonomy":"post_tag","embeddable":true,"href":"https:\/\/mundodocarnaval.com.br\/pt_br\/wp-json\/wp\/v2\/tags?post=3476"}],"curies":[{"name":"wp","href":"https:\/\/api.w.org\/{rel}","templated":true}]}}