{"id":3479,"date":"2025-08-21T18:13:01","date_gmt":"2025-08-21T21:13:01","guid":{"rendered":"https:\/\/mundodocarnaval.com.br\/?p=3479"},"modified":"2025-08-21T18:13:01","modified_gmt":"2025-08-21T21:13:01","slug":"uniao-de-marica-realiza-semifinal-de-samba-enredo","status":"publish","type":"post","link":"https:\/\/mundodocarnaval.com.br\/pt_br\/uniao-de-marica-realiza-semifinal-de-samba-enredo\/","title":{"rendered":"Uni\u00e3o de Maric\u00e1 realiza semifinal de samba-enredo"},"content":{"rendered":"<p>Uni\u00e3o de Maric\u00e1 realiza semifinal de samba-enredo nesta sexta (22)<br \/>\nSeis parcerias seguem na disputa pelo hino do Carnaval 2026<\/p>\n<p>A Uni\u00e3o de Maric\u00e1 realiza mais uma etapa da disputa de samba-enredo para o Carnaval 2026 nesta sexta-feira (22). A partir das 20h, a quadra da escola recebe a semifinal com seis sambas que seguem na busca para representar a agremia\u00e7\u00e3o na S\u00e9rie Ouro de 2026, com o enredo \u201cBerenguend\u00e9ns e Balangand\u00e3ns\u201d, desenvolvido pelo carnavalesco Leandro Vieira.<\/p>\n<p>Com entrada franca, o evento ter\u00e1 abertura com o cantor Niu Souza, que apresenta o melhor do samba e do pagode. Em seguida, as parcerias classificadas sobem ao palco em busca da grande final, marcada para o dia 29.<\/p>\n<p>Ordem de apresenta\u00e7\u00e3o:<\/p>\n<p>1\u00ba &#8211; Samba 07 \u2013 Babby do Cavaco e cia<br \/>\n2\u00ba &#8211; Samba 08 \u2013 Pedro Cassa e cia<br \/>\n3\u00ba &#8211; Samba 09 \u2013 Rodrigo Vianna e cia<br \/>\n4\u00ba &#8211; Samba 10 \u2013 Will do Aconchego e cia<br \/>\n5\u00ba &#8211; Samba 12 \u2013 Claudio Russo e cia<br \/>\n6\u00ba &#8211; Samba 06 \u2013 Vinicius Santos e cia<\/p>\n<p>Em 2026, a Uni\u00e3o de Maric\u00e1 ser\u00e1 a sexta escola a desfilar no s\u00e1bado, dia 14 de fevereiro, na Marqu\u00eas de Sapuca\u00ed, em busca do t\u00e3o sonhado acesso ao Grupo Especial.<\/p>\n<p>Servi\u00e7o:<\/p>\n<p>Semifinal de samba-enredo da Uni\u00e3o de Maric\u00e1<\/p>\n<p>Data: 22 de agosto (sexta-feira)<\/p>\n<p>Hor\u00e1rio de in\u00edcio: 20h<\/p>\n<p>Endere\u00e7o: Quadra da Uni\u00e3o de Maric\u00e1 \u2013 Rodovia Amaral Peixoto, 29024 \u2013 Centro, Maric\u00e1.<\/p>\n<p>Atra\u00e7\u00f5es: Show de abertura com Niu Souza e apresenta\u00e7\u00e3o das seis parcerias classificadas <\/p>\n<p>Entrada franca<\/p>\n<p>Fotos: Ney Junior<\/p>\n","protected":false},"excerpt":{"rendered":"<p>Uni\u00e3o de Maric\u00e1 realiza semifinal de samba-enredo nesta sexta (22) Seis parcerias seguem na disputa pelo hino do Carnaval 2026 A Uni\u00e3o de Maric\u00e1 realiza mais uma etapa da disputa de samba-enredo para o Carnaval 2026 nesta sexta-feira (22). A partir das 20h, a quadra da escola recebe a semifinal com seis sambas que seguem [&hellip;]<\/p>\n","protected":false},"author":1,"featured_media":3480,"comment_status":"closed","ping_status":"closed","sticky":false,"template":"","format":"standard","meta":{"footnotes":""},"categories":[13],"tags":[],"class_list":["post-3479","post","type-post","status-publish","format-standard","has-post-thumbnail","hentry","category-fashion"],"_links":{"self":[{"href":"https:\/\/mundodocarnaval.com.br\/pt_br\/wp-json\/wp\/v2\/posts\/3479","targetHints":{"allow":["GET"]}}],"collection":[{"href":"https:\/\/mundodocarnaval.com.br\/pt_br\/wp-json\/wp\/v2\/posts"}],"about":[{"href":"https:\/\/mundodocarnaval.com.br\/pt_br\/wp-json\/wp\/v2\/types\/post"}],"author":[{"embeddable":true,"href":"https:\/\/mundodocarnaval.com.br\/pt_br\/wp-json\/wp\/v2\/users\/1"}],"replies":[{"embeddable":true,"href":"https:\/\/mundodocarnaval.com.br\/pt_br\/wp-json\/wp\/v2\/comments?post=3479"}],"version-history":[{"count":1,"href":"https:\/\/mundodocarnaval.com.br\/pt_br\/wp-json\/wp\/v2\/posts\/3479\/revisions"}],"predecessor-version":[{"id":3481,"href":"https:\/\/mundodocarnaval.com.br\/pt_br\/wp-json\/wp\/v2\/posts\/3479\/revisions\/3481"}],"wp:featuredmedia":[{"embeddable":true,"href":"https:\/\/mundodocarnaval.com.br\/pt_br\/wp-json\/wp\/v2\/media\/3480"}],"wp:attachment":[{"href":"https:\/\/mundodocarnaval.com.br\/pt_br\/wp-json\/wp\/v2\/media?parent=3479"}],"wp:term":[{"taxonomy":"category","embeddable":true,"href":"https:\/\/mundodocarnaval.com.br\/pt_br\/wp-json\/wp\/v2\/categories?post=3479"},{"taxonomy":"post_tag","embeddable":true,"href":"https:\/\/mundodocarnaval.com.br\/pt_br\/wp-json\/wp\/v2\/tags?post=3479"}],"curies":[{"name":"wp","href":"https:\/\/api.w.org\/{rel}","templated":true}]}}