{"id":3485,"date":"2025-08-21T18:47:37","date_gmt":"2025-08-21T21:47:37","guid":{"rendered":"https:\/\/mundodocarnaval.com.br\/?p=3485"},"modified":"2025-08-21T18:47:37","modified_gmt":"2025-08-21T21:47:37","slug":"quadrila-do-plante","status":"publish","type":"post","link":"https:\/\/mundodocarnaval.com.br\/pt_br\/quadrila-do-plante\/","title":{"rendered":"QUADRILA DO PLANTE"},"content":{"rendered":"<p>S\u00e1bado agora, em nosso *Espa\u00e7o Cultural Plante uma Muda* a partir das 18hs, tem mais uma edi\u00e7\u00e3o do Arrai\u00e1 do Plante, apresenta\u00e7\u00e3o da nossa Quadrilha ao som do Trio P\u00e9 de Serra Santo Rei, Cantora Larissa Souza e a participa\u00e7\u00e3o Especial Maya Alves cantando nosso forr\u00f3, esse ano nosso tema \u00e9 *&#8221;Sert\u00e3o do Plante em Caxias; Regando as Tradi\u00e7\u00f5es e Colhendo Frutos Culturais\u201d*, Aprovado no Edital Arrai\u00e1 Cultural RJ 2025. Da Secretaria de Cultura e Economia Criativa do Estado do Rio de Janeiro.<br \/>\nEndere\u00e7o: Rua Doutor Albino Imparato, 819 Parque Paulic\u00e9ia, Duque de Caxias RJ.<br \/>\n*OC\u00ca  \u00c9 NOSSO CONVIDADO.*<\/p>\n","protected":false},"excerpt":{"rendered":"<p>S\u00e1bado agora, em nosso *Espa\u00e7o Cultural Plante uma Muda* a partir das 18hs, tem mais uma edi\u00e7\u00e3o do Arrai\u00e1 do Plante, apresenta\u00e7\u00e3o da nossa Quadrilha ao som do Trio P\u00e9 de Serra Santo Rei, Cantora Larissa Souza e a participa\u00e7\u00e3o Especial Maya Alves cantando nosso forr\u00f3, esse ano nosso tema \u00e9 *&#8221;Sert\u00e3o do Plante em [&hellip;]<\/p>\n","protected":false},"author":1,"featured_media":3486,"comment_status":"closed","ping_status":"closed","sticky":false,"template":"","format":"standard","meta":{"footnotes":""},"categories":[11],"tags":[],"class_list":["post-3485","post","type-post","status-publish","format-standard","has-post-thumbnail","hentry","category-noticias"],"_links":{"self":[{"href":"https:\/\/mundodocarnaval.com.br\/pt_br\/wp-json\/wp\/v2\/posts\/3485","targetHints":{"allow":["GET"]}}],"collection":[{"href":"https:\/\/mundodocarnaval.com.br\/pt_br\/wp-json\/wp\/v2\/posts"}],"about":[{"href":"https:\/\/mundodocarnaval.com.br\/pt_br\/wp-json\/wp\/v2\/types\/post"}],"author":[{"embeddable":true,"href":"https:\/\/mundodocarnaval.com.br\/pt_br\/wp-json\/wp\/v2\/users\/1"}],"replies":[{"embeddable":true,"href":"https:\/\/mundodocarnaval.com.br\/pt_br\/wp-json\/wp\/v2\/comments?post=3485"}],"version-history":[{"count":1,"href":"https:\/\/mundodocarnaval.com.br\/pt_br\/wp-json\/wp\/v2\/posts\/3485\/revisions"}],"predecessor-version":[{"id":3487,"href":"https:\/\/mundodocarnaval.com.br\/pt_br\/wp-json\/wp\/v2\/posts\/3485\/revisions\/3487"}],"wp:featuredmedia":[{"embeddable":true,"href":"https:\/\/mundodocarnaval.com.br\/pt_br\/wp-json\/wp\/v2\/media\/3486"}],"wp:attachment":[{"href":"https:\/\/mundodocarnaval.com.br\/pt_br\/wp-json\/wp\/v2\/media?parent=3485"}],"wp:term":[{"taxonomy":"category","embeddable":true,"href":"https:\/\/mundodocarnaval.com.br\/pt_br\/wp-json\/wp\/v2\/categories?post=3485"},{"taxonomy":"post_tag","embeddable":true,"href":"https:\/\/mundodocarnaval.com.br\/pt_br\/wp-json\/wp\/v2\/tags?post=3485"}],"curies":[{"name":"wp","href":"https:\/\/api.w.org\/{rel}","templated":true}]}}