{"id":3493,"date":"2025-08-23T20:48:51","date_gmt":"2025-08-23T23:48:51","guid":{"rendered":"https:\/\/mundodocarnaval.com.br\/?p=3493"},"modified":"2025-08-23T20:48:52","modified_gmt":"2025-08-23T23:48:52","slug":"mateus-pranto-e-kitalesi-sao-os-enredistas-da-lins-imperial","status":"publish","type":"post","link":"https:\/\/mundodocarnaval.com.br\/pt_br\/mateus-pranto-e-kitalesi-sao-os-enredistas-da-lins-imperial\/","title":{"rendered":"Mateus Pranto e Kitalesi s\u00e3o os enredistas da Lins Imperial"},"content":{"rendered":"<p>Mateus Pranto e Kitalesi s\u00e3o os enredistas da Lins Imperial para o Carnaval 2026<\/p>\n<p>Macacu \u2013 No caminho das \u00e1guas cristalinas, reflete a alma da cria\u00e7\u00e3o \u00e9 o enredo da verde e rosa do Lins<\/p>\n<p>Para o carnaval de 2026, a Lins Imperial contar\u00e1, no seu quadro de pesquisadores, com a dupla de professores Mateus Pranto e Kitalesi. Ao lado dos carnavalescos Agnaldo Correa e Edgley Cunha, os profissionais s\u00e3o respons\u00e1veis pela sinopse, pesquisa, desenvolvimento e defesa do enredo \u201cMacacu \u2013 No caminho das \u00e1guas cristalinas, reflete a alma da cria\u00e7\u00e3o\u201d.<\/p>\n<p>Mateus Pranto \u00e9 formado em Letras-Literaturas (UFRJ), com trabalhos e pesquisas voltados para o carnaval e a m\u00fasica. Na folia, atua como diretor cultural, enredista e compositor. Desde 2020 faz parte do time de pesquisadores da Lins Imperial e no \u00faltimo carnaval foi tamb\u00e9m enredista da Unidos da Tijuca.  <\/p>\n<p>Seus enredos foram premiados nas seguintes ocasi\u00f5es: Trof\u00e9u Cultura Negra no Carnaval da Coordenadoria Executiva de Promo\u00e7\u00e3o da Igualdade Racial da Prefeitura do Rio de Janeiro (Lins Imperial 2022 e 2023) e Trof\u00e9u Samba na Veia (Lins Imperial 2022). Foi um dos idealizadores da 1\u00aa Semana de Carnaval &#038; Empreendorismo da UFRJ, bem como do Trof\u00e9u Madame Sat\u00e3, relacionado ao enredo de 2023 da Lins Imperial, que reconhecia a import\u00e2ncia de personalidades LGBTQIAP+ na luta contra a transfobia, homofobia, bifobia etc.<\/p>\n<p>Pesquisador e doutorando em Letras Arnaldo C\u00e9sar Roque, o Kitalesi tem 29 anos, \u00e9 mineiro da cidade de Perd\u00f5es, iniciado no Candombl\u00e9 Congo-Angola, membro da comunidade Kupapa Unsaba (Bate Folha, Rio de Janeiro). No \u00faltimo carnaval, prestou consultoria \u00e0 Esta\u00e7\u00e3o Primeira de Mangueira e assina pelo segundo ano consecutivo a pesquisa da verde e rosa do Lins.<\/p>\n<p>A Lins ser\u00e1 a 12\u00aa a desfilar, no domingo de carnaval, 15 de fevereiro de 2026 pela S\u00e9rie Prata do carnaval carioca.<\/p>\n<p>Fotos: Geissa Evaristo<\/p>\n","protected":false},"excerpt":{"rendered":"<p>Mateus Pranto e Kitalesi s\u00e3o os enredistas da Lins Imperial para o Carnaval 2026 Macacu \u2013 No caminho das \u00e1guas cristalinas, reflete a alma da cria\u00e7\u00e3o \u00e9 o enredo da verde e rosa do Lins Para o carnaval de 2026, a Lins Imperial contar\u00e1, no seu quadro de pesquisadores, com a dupla de professores Mateus [&hellip;]<\/p>\n","protected":false},"author":1,"featured_media":3494,"comment_status":"closed","ping_status":"closed","sticky":false,"template":"","format":"standard","meta":{"footnotes":""},"categories":[14],"tags":[],"class_list":["post-3493","post","type-post","status-publish","format-standard","has-post-thumbnail","hentry","category-gadgets"],"_links":{"self":[{"href":"https:\/\/mundodocarnaval.com.br\/pt_br\/wp-json\/wp\/v2\/posts\/3493","targetHints":{"allow":["GET"]}}],"collection":[{"href":"https:\/\/mundodocarnaval.com.br\/pt_br\/wp-json\/wp\/v2\/posts"}],"about":[{"href":"https:\/\/mundodocarnaval.com.br\/pt_br\/wp-json\/wp\/v2\/types\/post"}],"author":[{"embeddable":true,"href":"https:\/\/mundodocarnaval.com.br\/pt_br\/wp-json\/wp\/v2\/users\/1"}],"replies":[{"embeddable":true,"href":"https:\/\/mundodocarnaval.com.br\/pt_br\/wp-json\/wp\/v2\/comments?post=3493"}],"version-history":[{"count":1,"href":"https:\/\/mundodocarnaval.com.br\/pt_br\/wp-json\/wp\/v2\/posts\/3493\/revisions"}],"predecessor-version":[{"id":3495,"href":"https:\/\/mundodocarnaval.com.br\/pt_br\/wp-json\/wp\/v2\/posts\/3493\/revisions\/3495"}],"wp:featuredmedia":[{"embeddable":true,"href":"https:\/\/mundodocarnaval.com.br\/pt_br\/wp-json\/wp\/v2\/media\/3494"}],"wp:attachment":[{"href":"https:\/\/mundodocarnaval.com.br\/pt_br\/wp-json\/wp\/v2\/media?parent=3493"}],"wp:term":[{"taxonomy":"category","embeddable":true,"href":"https:\/\/mundodocarnaval.com.br\/pt_br\/wp-json\/wp\/v2\/categories?post=3493"},{"taxonomy":"post_tag","embeddable":true,"href":"https:\/\/mundodocarnaval.com.br\/pt_br\/wp-json\/wp\/v2\/tags?post=3493"}],"curies":[{"name":"wp","href":"https:\/\/api.w.org\/{rel}","templated":true}]}}