{"id":3496,"date":"2025-08-23T21:42:07","date_gmt":"2025-08-24T00:42:07","guid":{"rendered":"https:\/\/mundodocarnaval.com.br\/?p=3496"},"modified":"2025-08-23T21:42:07","modified_gmt":"2025-08-24T00:42:07","slug":"grande-sertao-negro-e-o-enredo-da-independente-da-praca-da-bandeira","status":"publish","type":"post","link":"https:\/\/mundodocarnaval.com.br\/pt_br\/grande-sertao-negro-e-o-enredo-da-independente-da-praca-da-bandeira\/","title":{"rendered":"\u201cGrande Sert\u00e3o Negro\u201d \u00e9 o enredo da Independente da Pra\u00e7a da Bandeira"},"content":{"rendered":"<p>\u201cGrande Sert\u00e3o Negro\u201d \u00e9 o enredo da Independente da Pra\u00e7a da Bandeira para o Carnaval de 2026<\/p>\n<p>Rumo ao desfile de 2026, a Independente da Pra\u00e7a da Bandeira anunciou o seu enredo. \u201cGrande Sert\u00e3o Negro\u201d ser\u00e1 desenvolvido pela enredista Fl\u00e1via Alessandra e pelos carnavalescos Ricardo Paulino e Robson Goulart. A escola vai em busca do t\u00edtulo da S\u00e9rie Prata e de uma vaga na S\u00e9rie Ouro em 2027.<\/p>\n<p>A agremia\u00e7\u00e3o contar\u00e1, de forma singela, a chegada dos negros \u00e0 regi\u00e3o do Nordeste, com suas tradi\u00e7\u00f5es, culin\u00e1ria e cantos. A escola levar\u00e1 para a avenida, com muita irrever\u00eancia, a hist\u00f3ria dos africanos que vieram compor essa regi\u00e3o t\u00e3o importante para o pa\u00eds, trazendo os bantos, os geg\u00eas-nag\u00f4s e toda a energia do povo preto e de suas etnias.<\/p>\n<p>A Independente da Pra\u00e7a da Bandeira ser\u00e1 a 6\u00aa agremia\u00e7\u00e3o a desfilar no domingo de carnaval, 15 de fevereiro, na Intendente Magalh\u00e3es. A escola integra o grupo da S\u00e9rie Prata, sob o comando da Superliga Carnavalesca do Brasil.<\/p>\n","protected":false},"excerpt":{"rendered":"<p>\u201cGrande Sert\u00e3o Negro\u201d \u00e9 o enredo da Independente da Pra\u00e7a da Bandeira para o Carnaval de 2026 Rumo ao desfile de 2026, a Independente da Pra\u00e7a da Bandeira anunciou o seu enredo. \u201cGrande Sert\u00e3o Negro\u201d ser\u00e1 desenvolvido pela enredista Fl\u00e1via Alessandra e pelos carnavalescos Ricardo Paulino e Robson Goulart. A escola vai em busca do [&hellip;]<\/p>\n","protected":false},"author":1,"featured_media":3497,"comment_status":"closed","ping_status":"closed","sticky":false,"template":"","format":"standard","meta":{"footnotes":""},"categories":[14],"tags":[],"class_list":["post-3496","post","type-post","status-publish","format-standard","has-post-thumbnail","hentry","category-gadgets"],"_links":{"self":[{"href":"https:\/\/mundodocarnaval.com.br\/pt_br\/wp-json\/wp\/v2\/posts\/3496","targetHints":{"allow":["GET"]}}],"collection":[{"href":"https:\/\/mundodocarnaval.com.br\/pt_br\/wp-json\/wp\/v2\/posts"}],"about":[{"href":"https:\/\/mundodocarnaval.com.br\/pt_br\/wp-json\/wp\/v2\/types\/post"}],"author":[{"embeddable":true,"href":"https:\/\/mundodocarnaval.com.br\/pt_br\/wp-json\/wp\/v2\/users\/1"}],"replies":[{"embeddable":true,"href":"https:\/\/mundodocarnaval.com.br\/pt_br\/wp-json\/wp\/v2\/comments?post=3496"}],"version-history":[{"count":1,"href":"https:\/\/mundodocarnaval.com.br\/pt_br\/wp-json\/wp\/v2\/posts\/3496\/revisions"}],"predecessor-version":[{"id":3498,"href":"https:\/\/mundodocarnaval.com.br\/pt_br\/wp-json\/wp\/v2\/posts\/3496\/revisions\/3498"}],"wp:featuredmedia":[{"embeddable":true,"href":"https:\/\/mundodocarnaval.com.br\/pt_br\/wp-json\/wp\/v2\/media\/3497"}],"wp:attachment":[{"href":"https:\/\/mundodocarnaval.com.br\/pt_br\/wp-json\/wp\/v2\/media?parent=3496"}],"wp:term":[{"taxonomy":"category","embeddable":true,"href":"https:\/\/mundodocarnaval.com.br\/pt_br\/wp-json\/wp\/v2\/categories?post=3496"},{"taxonomy":"post_tag","embeddable":true,"href":"https:\/\/mundodocarnaval.com.br\/pt_br\/wp-json\/wp\/v2\/tags?post=3496"}],"curies":[{"name":"wp","href":"https:\/\/api.w.org\/{rel}","templated":true}]}}