{"id":3499,"date":"2025-08-23T21:49:34","date_gmt":"2025-08-24T00:49:34","guid":{"rendered":"https:\/\/mundodocarnaval.com.br\/?p=3499"},"modified":"2025-08-23T21:49:34","modified_gmt":"2025-08-24T00:49:34","slug":"cinco-parcerias-seguem-na-disputa","status":"publish","type":"post","link":"https:\/\/mundodocarnaval.com.br\/pt_br\/cinco-parcerias-seguem-na-disputa\/","title":{"rendered":"Cinco parcerias seguem na disputa"},"content":{"rendered":"<p>Cinco parcerias seguem na disputa que vai definir o hino da Vila Isabel para 2026<br \/>\nNoite tamb\u00e9m marcou mais uma etapa da escolha da Musa da Comunidade e reafirmou a for\u00e7a da azul e branca<\/p>\n<p>A Unidos de Vila Isabel realizou, na \u00faltima sexta-feira (22), mais uma etapa de sua tradicional disputa de samba-enredo para o Carnaval 2026. Ap\u00f3s apresenta\u00e7\u00f5es, cinco composi\u00e7\u00f5es seguem na disputa pelo hino oficial da escola:<br \/>\n&#8211; samba 1: Moacyr Luz<br \/>\n&#8211;  Samba 12: PC Feital<br \/>\n&#8211; Samba 14: Ricardo Mendon\u00e7a<br \/>\n&#8211; samba 15: Evandro Boc\u00e3o<br \/>\n&#8211; samba 16: Cl\u00e1udio Matos<\/p>\n<p>Al\u00e9m da competi\u00e7\u00e3o de samba, a noite tamb\u00e9m contou com a escolha das candidatas que permanecem na disputa pelo t\u00edtulo de Musa da Comunidade. Seguem no p\u00e1reo: Aline Francesca, Carol Machado, Ci\u00e7a Ferreira, Elaine de Oliveira, Juliana Moraes, Maryanne Malakias e Yasmin Lima.<\/p>\n<p>Em 2026, a Vila Isabel levar\u00e1 para a Avenida o enredo \u201cMacumbemb\u00ea, Samboremb\u00e1: Sonhei que um sambista sonhou a \u00c1frica\u201d, desenvolvido pelos carnavalescos Gabriel Haddad e Leonardo Bora. O desfile celebrar\u00e1 a arte, a ancestralidade e o samba, em di\u00e1logo com o legado de Heitor dos Prazeres, um dos grandes nomes da cultura popular brasileira.<\/p>\n","protected":false},"excerpt":{"rendered":"<p>Cinco parcerias seguem na disputa que vai definir o hino da Vila Isabel para 2026 Noite tamb\u00e9m marcou mais uma etapa da escolha da Musa da Comunidade e reafirmou a for\u00e7a da azul e branca A Unidos de Vila Isabel realizou, na \u00faltima sexta-feira (22), mais uma etapa de sua tradicional disputa de samba-enredo para [&hellip;]<\/p>\n","protected":false},"author":1,"featured_media":3500,"comment_status":"closed","ping_status":"closed","sticky":false,"template":"","format":"standard","meta":{"footnotes":""},"categories":[12],"tags":[],"class_list":["post-3499","post","type-post","status-publish","format-standard","has-post-thumbnail","hentry","category-grupo-especial"],"_links":{"self":[{"href":"https:\/\/mundodocarnaval.com.br\/pt_br\/wp-json\/wp\/v2\/posts\/3499","targetHints":{"allow":["GET"]}}],"collection":[{"href":"https:\/\/mundodocarnaval.com.br\/pt_br\/wp-json\/wp\/v2\/posts"}],"about":[{"href":"https:\/\/mundodocarnaval.com.br\/pt_br\/wp-json\/wp\/v2\/types\/post"}],"author":[{"embeddable":true,"href":"https:\/\/mundodocarnaval.com.br\/pt_br\/wp-json\/wp\/v2\/users\/1"}],"replies":[{"embeddable":true,"href":"https:\/\/mundodocarnaval.com.br\/pt_br\/wp-json\/wp\/v2\/comments?post=3499"}],"version-history":[{"count":1,"href":"https:\/\/mundodocarnaval.com.br\/pt_br\/wp-json\/wp\/v2\/posts\/3499\/revisions"}],"predecessor-version":[{"id":3501,"href":"https:\/\/mundodocarnaval.com.br\/pt_br\/wp-json\/wp\/v2\/posts\/3499\/revisions\/3501"}],"wp:featuredmedia":[{"embeddable":true,"href":"https:\/\/mundodocarnaval.com.br\/pt_br\/wp-json\/wp\/v2\/media\/3500"}],"wp:attachment":[{"href":"https:\/\/mundodocarnaval.com.br\/pt_br\/wp-json\/wp\/v2\/media?parent=3499"}],"wp:term":[{"taxonomy":"category","embeddable":true,"href":"https:\/\/mundodocarnaval.com.br\/pt_br\/wp-json\/wp\/v2\/categories?post=3499"},{"taxonomy":"post_tag","embeddable":true,"href":"https:\/\/mundodocarnaval.com.br\/pt_br\/wp-json\/wp\/v2\/tags?post=3499"}],"curies":[{"name":"wp","href":"https:\/\/api.w.org\/{rel}","templated":true}]}}