{"id":3502,"date":"2025-08-24T11:29:25","date_gmt":"2025-08-24T14:29:25","guid":{"rendered":"https:\/\/mundodocarnaval.com.br\/?p=3502"},"modified":"2025-08-24T11:40:02","modified_gmt":"2025-08-24T14:40:02","slug":"portela-anuncia-deisiane-jesus-como-musa-da-ala-de-passistas","status":"publish","type":"post","link":"https:\/\/mundodocarnaval.com.br\/pt_br\/portela-anuncia-deisiane-jesus-como-musa-da-ala-de-passistas\/","title":{"rendered":"Portela anuncia Deisiane Jesus como Musa da ala de passistas"},"content":{"rendered":"<p>Portela anuncia Deisiane Jesus como Musa da ala de passistas<\/p>\n<p>De volta \u00e0 escola onde tudo come\u00e7ou, a beldade portelense desfilar\u00e1 em lugar de destaque \u00e0 frente da ala de passistas<\/p>\n<p>De fam\u00edlia portelense, Deisiane iniciou sua trajet\u00f3ria no samba ainda crian\u00e7a, desfilando na ala mirim da Majestade do Samba. Seus primeiros passos no Carnaval foram no Projeto do Galo, onde aprendeu a arte de ser porta-bandeira, mas foi ao ver o brilho da vice-presidente Nilce Fran, na \u00e9poca diretora da ala de passistas, que descobriu sua verdadeira paix\u00e3o. Aos 18 anos, encontrou sua identidade no samba no p\u00e9 e entrou para a ala de passistas.<\/p>\n<p>Em 2015, ganhou proje\u00e7\u00e3o nacional ao vencer o concurso Musa do Caldeir\u00e3o do Huck, representando a Portela, o que lhe rendeu bagagem e experi\u00eancia para, anos depois, integrar a Corte do Carnaval Carioca como princesa, posto que ocupou por sete anos consecutivos.<\/p>\n<p>Ap\u00f3s 10 anos, Deisiane retorna ao seu ninho para viver um novo cap\u00edtulo de sua trajet\u00f3ria, assumindo a miss\u00e3o de inspirar novas gera\u00e7\u00f5es, assim como um dia foi inspirada, e acolher a todos como musa da ala de passistas da Portela.<\/p>\n<p>&#8220;Estou de volta \u00e0 minha casa! A Portela \u00e9 meu lar e estou pronta para viver este novo sonho. Agrade\u00e7o ao Presidente Junior Escafura e \u00e0 Vice-presidente Nilce Fran por todo o carinho e pela oportunidade. Destaco tamb\u00e9m a import\u00e2ncia e a grande responsabilidade de ocupar um posto que, por tantos anos, foi representado por nossa grande refer\u00eancia e mestra Nilce Fran, a quem dispenso coment\u00e1rios&#8221;, declara Deisiane.<\/p>\n<p>Sobre a nova musa, o presidente Junior Escafura refor\u00e7a a import\u00e2ncia de valorizar quem cresceu na escola e reafirma o compromisso da Portela com sua comunidade.<\/p>\n<p>\u201cO retorno da Deisiane representa exatamente o compromisso de valorizar a prata da casa e os talentos que nasceram e cresceram dentro da nossa comunidade. \u00c9 uma alegria receb\u00ea-la de volta ao seu lugar de origem, pois tenho certeza que ela \u00e9 um exemplo para v\u00e1rias meninas que, assim como ela, chegaram \u00e0 escola ainda crian\u00e7as e hoje sonham em construir uma trajet\u00f3ria no Carnaval\u201d, afirma Junior Escafura.<\/p>\n<p>Cr\u00e9ditos: Feras do Carnaval<\/p>\n","protected":false},"excerpt":{"rendered":"<p>Portela anuncia Deisiane Jesus como Musa da ala de passistas De volta \u00e0 escola onde tudo come\u00e7ou, a beldade portelense desfilar\u00e1 em lugar de destaque \u00e0 frente da ala de passistas De fam\u00edlia portelense, Deisiane iniciou sua trajet\u00f3ria no samba ainda crian\u00e7a, desfilando na ala mirim da Majestade do Samba. Seus primeiros passos no Carnaval [&hellip;]<\/p>\n","protected":false},"author":1,"featured_media":3503,"comment_status":"closed","ping_status":"closed","sticky":false,"template":"","format":"standard","meta":{"footnotes":""},"categories":[12],"tags":[],"class_list":["post-3502","post","type-post","status-publish","format-standard","has-post-thumbnail","hentry","category-grupo-especial"],"_links":{"self":[{"href":"https:\/\/mundodocarnaval.com.br\/pt_br\/wp-json\/wp\/v2\/posts\/3502","targetHints":{"allow":["GET"]}}],"collection":[{"href":"https:\/\/mundodocarnaval.com.br\/pt_br\/wp-json\/wp\/v2\/posts"}],"about":[{"href":"https:\/\/mundodocarnaval.com.br\/pt_br\/wp-json\/wp\/v2\/types\/post"}],"author":[{"embeddable":true,"href":"https:\/\/mundodocarnaval.com.br\/pt_br\/wp-json\/wp\/v2\/users\/1"}],"replies":[{"embeddable":true,"href":"https:\/\/mundodocarnaval.com.br\/pt_br\/wp-json\/wp\/v2\/comments?post=3502"}],"version-history":[{"count":1,"href":"https:\/\/mundodocarnaval.com.br\/pt_br\/wp-json\/wp\/v2\/posts\/3502\/revisions"}],"predecessor-version":[{"id":3504,"href":"https:\/\/mundodocarnaval.com.br\/pt_br\/wp-json\/wp\/v2\/posts\/3502\/revisions\/3504"}],"wp:featuredmedia":[{"embeddable":true,"href":"https:\/\/mundodocarnaval.com.br\/pt_br\/wp-json\/wp\/v2\/media\/3503"}],"wp:attachment":[{"href":"https:\/\/mundodocarnaval.com.br\/pt_br\/wp-json\/wp\/v2\/media?parent=3502"}],"wp:term":[{"taxonomy":"category","embeddable":true,"href":"https:\/\/mundodocarnaval.com.br\/pt_br\/wp-json\/wp\/v2\/categories?post=3502"},{"taxonomy":"post_tag","embeddable":true,"href":"https:\/\/mundodocarnaval.com.br\/pt_br\/wp-json\/wp\/v2\/tags?post=3502"}],"curies":[{"name":"wp","href":"https:\/\/api.w.org\/{rel}","templated":true}]}}